{"id":3130,"date":"2025-09-23T21:23:15","date_gmt":"2025-09-23T18:23:15","guid":{"rendered":"https:\/\/torkspor.com\/?p=3130"},"modified":"2025-09-23T21:23:33","modified_gmt":"2025-09-23T18:23:33","slug":"53-yildir-bitmeyen-bir-yaris-asfaltin-ve-topragin-ustasi","status":"publish","type":"post","link":"https:\/\/torkspor.com\/?p=3130","title":{"rendered":"53 YILDIR B\u0130TMEYEN B\u0130R YARI\u015e\u2026 ASFALTIN VE TOPRA\u011eIN USTASI\u2026"},"content":{"rendered":"\n<p><strong>Sevgili motorsporu tutkunlar\u0131\u2026<\/strong><br>Ege Asal Motorsport\u2019un hem kurucusu hem de 53 y\u0131ll\u0131k direksiyon ustas\u0131 <strong>Mithat Diker<\/strong> ve 35 y\u0131ll\u0131k yol arkada\u015f\u0131 <strong>Erdal Oral<\/strong>, Eski\u015fehir\u2019in topraklar\u0131nda bir kez daha sahneye \u00e7\u0131kt\u0131lar.<br>Ber\u00e7 Arhanyan TOSFED Ralli Kupas\u0131 Kategori 2\u2019de Peugeot 208 R2 ile m\u00fccadele eden ikili, yaln\u0131zca yar\u0131\u015fmad\u0131\u2026 bir kez daha tutkular\u0131n\u0131n izini s\u00fcrd\u00fc. \u00c7\u00fcnk\u00fc Mithat Diker i\u00e7in ralli sadece zamanla yar\u0131\u015f de\u011fil, <strong>zamana meydan okumak<\/strong> demekti.<\/p>\n\n\n\n<figure class=\"wp-block-image size-large\"><img fetchpriority=\"high\" decoding=\"async\" width=\"714\" height=\"1024\" src=\"https:\/\/torkspor.com\/wp-content\/uploads\/2025\/09\/1-714x1024.jpg\" alt=\"\" class=\"wp-image-3131\" srcset=\"https:\/\/torkspor.com\/wp-content\/uploads\/2025\/09\/1-714x1024.jpg 714w, https:\/\/torkspor.com\/wp-content\/uploads\/2025\/09\/1-209x300.jpg 209w, https:\/\/torkspor.com\/wp-content\/uploads\/2025\/09\/1-768x1102.jpg 768w, https:\/\/torkspor.com\/wp-content\/uploads\/2025\/09\/1.jpg 1005w\" sizes=\"(max-width: 714px) 100vw, 714px\" \/><\/figure>\n\n\n\n<p><strong>Cuma \u2013 \u0130lk G\u00fcn<\/strong><\/p>\n\n\n\n<p>Cuma ak\u015fam\u0131 seyirci \u00f6zel etab\u0131 ET\u0130 ile start ald\u0131lar. <strong>Kategori 2\u2019de alt\u0131nc\u0131 zaman\u0131<\/strong> elde ettiler ve g\u00fcn\u00fc temkinli ama emin ad\u0131mlarla kapatt\u0131lar. Daha birka\u00e7 hafta \u00f6nce Kapadokya Rallisi\u2019nde Peugeot 208 R2\u2019yi ilk kez denemi\u015flerdi. Ard\u0131ndan TransAnatolia\u2019da Suzuki Vitara ile yedi g\u00fcn boyunca mekanik sorunlarla bo\u011fu\u015fmu\u015f, buna ra\u011fmen <strong>otomobil klasman\u0131nda ikinci, s\u0131n\u0131flar\u0131nda birinci<\/strong> olmu\u015flard\u0131. Dinlenmeye vakit bulamadan Eski\u015fehir\u2019e gelmi\u015flerdi ama yorgunluk de\u011fil, tecr\u00fcbe konu\u015fuyordu.<\/p>\n\n\n\n<figure class=\"wp-block-image size-full\"><img decoding=\"async\" width=\"968\" height=\"647\" src=\"https:\/\/torkspor.com\/wp-content\/uploads\/2025\/09\/Mithat_Diker-Erdal_Oral_2025_ESOK_Rally-4.jpg\" alt=\"\" class=\"wp-image-3132\" srcset=\"https:\/\/torkspor.com\/wp-content\/uploads\/2025\/09\/Mithat_Diker-Erdal_Oral_2025_ESOK_Rally-4.jpg 968w, https:\/\/torkspor.com\/wp-content\/uploads\/2025\/09\/Mithat_Diker-Erdal_Oral_2025_ESOK_Rally-4-300x201.jpg 300w, https:\/\/torkspor.com\/wp-content\/uploads\/2025\/09\/Mithat_Diker-Erdal_Oral_2025_ESOK_Rally-4-768x513.jpg 768w\" sizes=\"(max-width: 968px) 100vw, 968px\" \/><\/figure>\n\n\n\n<hr class=\"wp-block-separator has-alpha-channel-opacity\"\/>\n\n\n\n<p><strong>Cumartesi \u2013 Zorlu Alt\u0131 Etap<\/strong><\/p>\n\n\n\n<p>\u0130kinci g\u00fcn alt\u0131 uzun etap ge\u00e7ildi.<br>Sabah\u0131n ikinci etab\u0131nda <strong>kategori 2 be\u015fincili\u011fi<\/strong> geldi. \u00dc\u00e7\u00fcnc\u00fc etapta bir kez daha be\u015finci oldular. D\u00f6rd\u00fcnc\u00fc etapta <strong>alt\u0131nc\u0131 zaman<\/strong>, ard\u0131ndan servis molas\u0131\u2026 Peugeot\u2019un eksikleri tamamland\u0131.<\/p>\n\n\n\n<p>\u00d6\u011fleden sonraki b\u00f6l\u00fcme daha din\u00e7 girdiler. <strong>Be\u015finci ve alt\u0131nc\u0131 etaplarda tekrar kategori 2 be\u015fincilikleri<\/strong> kaydettiler. G\u00fcn\u00fcn son perdesinde, rallinin yedinci etab\u0131nda tempo artt\u0131; <strong>kategori 2\u2019de d\u00f6rd\u00fcnc\u00fcl\u00fck<\/strong> geldi. Bu sonu\u00e7larla Cumartesi ak\u015fam\u0131 <strong>Ber\u00e7 Arhanyan Kupas\u0131 genel klasman\u0131nda dokuzunculuk, kategori 2\u2019de be\u015fincilik<\/strong> hanesine yaz\u0131ld\u0131.<\/p>\n\n\n\n<p>53 y\u0131ld\u0131r direksiyon ba\u015f\u0131nda olan Mithat Diker, h\u00e2l\u00e2 gen\u00e7lerle ayn\u0131 tempoda yar\u0131\u015f\u0131yor, h\u00e2l\u00e2 her etapta ad\u0131n\u0131 alt\u0131n harflerle yazd\u0131r\u0131yordu.<br>\u201cYar\u0131m Asr\u0131 A\u015ft\u0131, H\u00e2l\u00e2 Start \u00c7izgisinde: Mithat Diker\u201d<\/p>\n\n\n\n<figure class=\"wp-block-image size-full\"><img decoding=\"async\" width=\"900\" height=\"604\" src=\"https:\/\/torkspor.com\/wp-content\/uploads\/2025\/09\/Mithat_Diker-Erdal_Oral_2025_ESOK_Rally-6.jpg\" alt=\"\" class=\"wp-image-3133\" srcset=\"https:\/\/torkspor.com\/wp-content\/uploads\/2025\/09\/Mithat_Diker-Erdal_Oral_2025_ESOK_Rally-6.jpg 900w, https:\/\/torkspor.com\/wp-content\/uploads\/2025\/09\/Mithat_Diker-Erdal_Oral_2025_ESOK_Rally-6-300x201.jpg 300w, https:\/\/torkspor.com\/wp-content\/uploads\/2025\/09\/Mithat_Diker-Erdal_Oral_2025_ESOK_Rally-6-768x515.jpg 768w\" sizes=\"(max-width: 900px) 100vw, 900px\" \/><\/figure>\n\n\n\n<hr class=\"wp-block-separator has-alpha-channel-opacity\"\/>\n\n\n\n<p><strong>Pazar \u2013 Zamanla De\u011fil, Zamana Kar\u015f\u0131<\/strong><\/p>\n\n\n\n<p>Ve geldik rallinin son g\u00fcn\u00fcne\u2026<br>Sekizinci etap 20 kilometrelik <strong>KYK Yap\u0131 Kimyasallar\u0131<\/strong> parkuruydu. \u0130lk 12 kilometresi olduk\u00e7a h\u0131zl\u0131, son 8 kilometresi ise k\u0131r\u0131c\u0131 ve ta\u015fl\u0131yd\u0131. Peugeot\u2019un alt\u0131 defalarca yere s\u00fcrtt\u00fc. Ama Diker \u2013 Oral ikilisi tecr\u00fcbeleriyle bu etapta parlad\u0131: <strong>ilk ge\u00e7i\u015fte kategori 2 ikincili\u011fi<\/strong> ald\u0131lar.<\/p>\n\n\n\n<p>\u00d6\u011fleden sonraki ikinci ge\u00e7i\u015fte performanslar\u0131n\u0131 <strong>22 saniye geli\u015ftirdiler!<\/strong> Bir kez daha <strong>etap ikincili\u011fi<\/strong> geldi. Tecr\u00fcbeli ellerin fark\u0131, i\u015fte bu dakikalarda ortaya \u00e7\u0131kt\u0131.<\/p>\n\n\n\n<p>Ve final\u2026 Power Stage. Son \u00f6zel etapta Diker \u2013 Oral ikilisi bir kez daha <strong>kategori 2 ikincili\u011fi<\/strong> elde etti. B\u00f6ylece 2025 ESOK Rallisi\u2019ni <strong>Ber\u00e7 Arhanyan TOSFED Ralli Kupas\u0131 genel klasman\u0131nda d\u00f6rd\u00fcnc\u00fc, Kategori 2\u2019de ikinci<\/strong> olarak tamamlad\u0131lar. Podyumda kupalar\u0131n\u0131 kald\u0131r\u0131rken, 53 y\u0131ll\u0131k kariyerlerine yeni bir hat\u0131ra daha eklediler.<\/p>\n\n\n\n<p>\u201c53 Y\u0131ll\u0131k Tutku: Mithat Diker H\u00e2l\u00e2 Direksiyonda\u201d<\/p>\n\n\n\n<figure class=\"wp-block-image size-full\"><img loading=\"lazy\" decoding=\"async\" width=\"900\" height=\"795\" src=\"https:\/\/torkspor.com\/wp-content\/uploads\/2025\/09\/Mithat_Diker-Erdal_Oral_2025_ESOK_Rally-2.jpg\" alt=\"\" class=\"wp-image-3134\" srcset=\"https:\/\/torkspor.com\/wp-content\/uploads\/2025\/09\/Mithat_Diker-Erdal_Oral_2025_ESOK_Rally-2.jpg 900w, https:\/\/torkspor.com\/wp-content\/uploads\/2025\/09\/Mithat_Diker-Erdal_Oral_2025_ESOK_Rally-2-300x265.jpg 300w, https:\/\/torkspor.com\/wp-content\/uploads\/2025\/09\/Mithat_Diker-Erdal_Oral_2025_ESOK_Rally-2-768x678.jpg 768w\" sizes=\"(max-width: 900px) 100vw, 900px\" \/><\/figure>\n\n\n\n<hr class=\"wp-block-separator has-alpha-channel-opacity\"\/>\n\n\n\n<p><strong>Efsanenin \u0130zinde<\/strong><\/p>\n\n\n\n<p>Mithat Diker i\u00e7in her yar\u0131\u015f, yeniden do\u011fmak demek. Onun i\u00e7in ralli, <strong>bir \u00f6m\u00fcr boyu ya\u015fanacak bir ser\u00fcven<\/strong>. Her start \u00e7izgisi, yeni bir hik\u00e2yenin ba\u015flang\u0131c\u0131.<br><br><\/p>\n\n\n\n<p>\u201cBir \u00d6m\u00fcr Ralli: 53 Y\u0131ld\u0131r Bitmeyen Bir Yar\u0131\u015f\u201d<\/p>\n\n\n\n<p>Onu farkl\u0131 k\u0131lan, yaln\u0131zca direksiyon hakimiyeti de\u011fil; ayn\u0131 zamanda pist d\u0131\u015f\u0131nda gen\u00e7lere verdi\u011fi destek, centilmenli\u011fi ve istikrar\u0131. Bodrum\u2019dan Bursa\u2019ya, Kapadokya\u2019dan Eski\u015fehir\u2019e, tam <strong>53 y\u0131l aral\u0131ks\u0131z<\/strong> yar\u0131\u015fmak\u2026 K\u0131r\u0131lmas\u0131 zor bir rekor.<\/p>\n\n\n\n<p>Efsane isim, kupalar\u0131n\u0131 al\u0131rken g\u00f6zlerindeki \u0131\u015f\u0131lt\u0131 h\u00e2l\u00e2 ilk g\u00fcnk\u00fc gibiydi.<br><br><\/p>\n\n\n\n<p>\u201cZamana Direnen Pilot: Mithat Diker\u2019in 53 Y\u0131ll\u0131k Ser\u00fcveni h\u0131z kesmeden devam ediyor.\u201d<\/p>\n\n\n\n<hr class=\"wp-block-separator has-alpha-channel-opacity\"\/>\n\n\n\n<p><strong>Kapan\u0131\u015f<\/strong><\/p>\n\n\n\n<p>Ve b\u00f6ylece 2025 ESOK Rallisi\u2019nin tozlu yollar\u0131nda bir kez daha tarih yaz\u0131ld\u0131. Mithat Diker \u2013 Erdal Oral ikilisi, hem tecr\u00fcbeleriyle, hem de azimleriyle alk\u0131\u015flar\u0131 toplad\u0131lar. Kupalar\u0131n\u0131 kald\u0131rd\u0131lar, medya mensuplar\u0131na poz verdiler, seyircinin g\u00f6nl\u00fcnde yerlerini per\u00e7inlediler.<\/p>\n\n\n\n<p>Onlar\u0131n hik\u00e2yesi burada bitmedi. \u00c7\u00fcnk\u00fc Mithat Diker i\u00e7in her yar\u0131\u015f, yeni bir ba\u015flang\u0131\u00e7\u2026 Her etap, \u00f6m\u00fcr boyu s\u00fcrecek bir tutkunun yeni sat\u0131r\u0131.<\/p>\n\n\n\n<p><a href=\"https:\/\/egeasalmotorspor.com\">https:\/\/egeasalmotorspor.com<\/a><\/p>\n","protected":false},"excerpt":{"rendered":"<p>Sevgili motorsporu tutkunlar\u0131\u2026Ege Asal Motorsport\u2019un hem kurucusu hem de 53 y\u0131ll\u0131k direksiyon ustas\u0131 Mithat Diker ve 35 y\u0131ll\u0131k yol arkada\u015f\u0131<\/p>\n","protected":false},"author":2,"featured_media":3134,"comment_status":"open","ping_status":"open","sticky":false,"template":"","format":"standard","meta":{"footnotes":""},"categories":[1,5,21],"tags":[597,609,603,595,602,610,607,596,605,601,600,608,604,606,593,527,594,599,598],"class_list":["post-3130","post","type-post","status-publish","format-standard","has-post-thumbnail","hentry","category-genel","category-haberler","category-ralli","tag-2025-eskisehir-rallisi-hazirliklari","tag-2025-ralli-takvimi-turkiye","tag-53-yillik-ralli-kariyeri","tag-erdal-oral-kopilot-deneyimi","tag-eskisehir-rallisi-etap-sonuclari","tag-esok-rallisi-motorsporlari-heyecani","tag-izmir-motorsporlari-haberleri","tag-izmirli-efsane-ralli-pilotu","tag-mithat-diker-erdal-oral-ikilisi","tag-mithat-diker-transanatolia-basarisi","tag-peugeot-208-ralli-turkiye","tag-peugeot-208-turkiye-rallisi","tag-ralli-genel-klasman-dereceleri","tag-sinif-2-birincilik-mucadelesi","tag-tosfed-ralli-kupasi-podyumu","tag-transanatolia-otomobil-kategorisi","tag-transanatolia-ralli-finisi","tag-turkiye-motorsporlari-gundemi","tag-turkiye-ralli-sampiyonasi-haberleri"],"magazineBlocksPostFeaturedMedia":{"thumbnail":"https:\/\/torkspor.com\/wp-content\/uploads\/2025\/09\/Mithat_Diker-Erdal_Oral_2025_ESOK_Rally-2-150x150.jpg","medium":"https:\/\/torkspor.com\/wp-content\/uploads\/2025\/09\/Mithat_Diker-Erdal_Oral_2025_ESOK_Rally-2-300x265.jpg","medium_large":"https:\/\/torkspor.com\/wp-content\/uploads\/2025\/09\/Mithat_Diker-Erdal_Oral_2025_ESOK_Rally-2-768x678.jpg","large":"https:\/\/torkspor.com\/wp-content\/uploads\/2025\/09\/Mithat_Diker-Erdal_Oral_2025_ESOK_Rally-2.jpg","1536x1536":"https:\/\/torkspor.com\/wp-content\/uploads\/2025\/09\/Mithat_Diker-Erdal_Oral_2025_ESOK_Rally-2.jpg","2048x2048":"https:\/\/torkspor.com\/wp-content\/uploads\/2025\/09\/Mithat_Diker-Erdal_Oral_2025_ESOK_Rally-2.jpg","colormag-highlighted-post":"https:\/\/torkspor.com\/wp-content\/uploads\/2025\/09\/Mithat_Diker-Erdal_Oral_2025_ESOK_Rally-2-392x272.jpg","colormag-featured-post-medium":"https:\/\/torkspor.com\/wp-content\/uploads\/2025\/09\/Mithat_Diker-Erdal_Oral_2025_ESOK_Rally-2-390x205.jpg","colormag-featured-post-small":"https:\/\/torkspor.com\/wp-content\/uploads\/2025\/09\/Mithat_Diker-Erdal_Oral_2025_ESOK_Rally-2-130x90.jpg","colormag-featured-image":"https:\/\/torkspor.com\/wp-content\/uploads\/2025\/09\/Mithat_Diker-Erdal_Oral_2025_ESOK_Rally-2-800x445.jpg","colormag-default-news":"https:\/\/torkspor.com\/wp-content\/uploads\/2025\/09\/Mithat_Diker-Erdal_Oral_2025_ESOK_Rally-2-150x150.jpg","colormag-featured-image-large":"https:\/\/torkspor.com\/wp-content\/uploads\/2025\/09\/Mithat_Diker-Erdal_Oral_2025_ESOK_Rally-2-900x600.jpg","colormag-elementor-block-extra-large-thumbnail":"https:\/\/torkspor.com\/wp-content\/uploads\/2025\/09\/Mithat_Diker-Erdal_Oral_2025_ESOK_Rally-2-900x480.jpg","colormag-elementor-grid-large-thumbnail":"https:\/\/torkspor.com\/wp-content\/uploads\/2025\/09\/Mithat_Diker-Erdal_Oral_2025_ESOK_Rally-2-600x417.jpg","colormag-elementor-grid-small-thumbnail":"https:\/\/torkspor.com\/wp-content\/uploads\/2025\/09\/Mithat_Diker-Erdal_Oral_2025_ESOK_Rally-2-285x450.jpg","colormag-elementor-grid-medium-large-thumbnail":"https:\/\/torkspor.com\/wp-content\/uploads\/2025\/09\/Mithat_Diker-Erdal_Oral_2025_ESOK_Rally-2-575x198.jpg"},"magazineBlocksPostAuthor":{"name":"Okan \u00c7etiner","avatar":"https:\/\/secure.gravatar.com\/avatar\/0b8d387b873c3962ae491deaf4b94a08a9b0dbc2778155c139691933252f8856?s=96&d=mm&r=g"},"magazineBlocksPostCommentsNumber":"0","magazineBlocksPostExcerpt":"Sevgili motorsporu tutkunlar\u0131\u2026Ege Asal Motorsport\u2019un hem kurucusu hem de 53 y\u0131ll\u0131k direksiyon ustas\u0131 Mithat Diker ve 35 y\u0131ll\u0131k yol arkada\u015f\u0131","magazineBlocksPostCategories":["Genel","Haberler","Ralli"],"magazine_blocks_featured_image_url":{"full":["https:\/\/torkspor.com\/wp-content\/uploads\/2025\/09\/Mithat_Diker-Erdal_Oral_2025_ESOK_Rally-2.jpg",900,795,false],"medium":["https:\/\/torkspor.com\/wp-content\/uploads\/2025\/09\/Mithat_Diker-Erdal_Oral_2025_ESOK_Rally-2-300x265.jpg",300,265,true],"thumbnail":["https:\/\/torkspor.com\/wp-content\/uploads\/2025\/09\/Mithat_Diker-Erdal_Oral_2025_ESOK_Rally-2-150x150.jpg",150,150,true]},"magazine_blocks_author":{"display_name":"Okan \u00c7etiner","author_link":"https:\/\/torkspor.com\/?author=2"},"magazine_blocks_comment":2,"magazine_blocks_author_image":"https:\/\/secure.gravatar.com\/avatar\/0b8d387b873c3962ae491deaf4b94a08a9b0dbc2778155c139691933252f8856?s=96&d=mm&r=g","magazine_blocks_category":"<a href=\"https:\/\/torkspor.com\/?cat=1\" rel=\"category\">Genel<\/a> <a href=\"https:\/\/torkspor.com\/?cat=5\" rel=\"category\">Haberler<\/a> <a href=\"https:\/\/torkspor.com\/?cat=21\" rel=\"category\">Ralli<\/a>","_links":{"self":[{"href":"https:\/\/torkspor.com\/index.php?rest_route=\/wp\/v2\/posts\/3130","targetHints":{"allow":["GET"]}}],"collection":[{"href":"https:\/\/torkspor.com\/index.php?rest_route=\/wp\/v2\/posts"}],"about":[{"href":"https:\/\/torkspor.com\/index.php?rest_route=\/wp\/v2\/types\/post"}],"author":[{"embeddable":true,"href":"https:\/\/torkspor.com\/index.php?rest_route=\/wp\/v2\/users\/2"}],"replies":[{"embeddable":true,"href":"https:\/\/torkspor.com\/index.php?rest_route=%2Fwp%2Fv2%2Fcomments&post=3130"}],"version-history":[{"count":1,"href":"https:\/\/torkspor.com\/index.php?rest_route=\/wp\/v2\/posts\/3130\/revisions"}],"predecessor-version":[{"id":3135,"href":"https:\/\/torkspor.com\/index.php?rest_route=\/wp\/v2\/posts\/3130\/revisions\/3135"}],"wp:featuredmedia":[{"embeddable":true,"href":"https:\/\/torkspor.com\/index.php?rest_route=\/wp\/v2\/media\/3134"}],"wp:attachment":[{"href":"https:\/\/torkspor.com\/index.php?rest_route=%2Fwp%2Fv2%2Fmedia&parent=3130"}],"wp:term":[{"taxonomy":"category","embeddable":true,"href":"https:\/\/torkspor.com\/index.php?rest_route=%2Fwp%2Fv2%2Fcategories&post=3130"},{"taxonomy":"post_tag","embeddable":true,"href":"https:\/\/torkspor.com\/index.php?rest_route=%2Fwp%2Fv2%2Ftags&post=3130"}],"curies":[{"name":"wp","href":"https:\/\/api.w.org\/{rel}","templated":true}]}}