{"id":3137,"date":"2025-10-07T22:12:49","date_gmt":"2025-10-07T19:12:49","guid":{"rendered":"https:\/\/torkspor.com\/?p=3137"},"modified":"2025-10-07T22:15:20","modified_gmt":"2025-10-07T19:15:20","slug":"menemende-adrenalin-dolu-cifte-otokros-heyecani","status":"publish","type":"post","link":"https:\/\/torkspor.com\/?p=3137","title":{"rendered":"Menemen\u2019de Adrenalin Dolu \u00c7ifte Otokros Heyecan\u0131"},"content":{"rendered":"\n<p><strong>Seyrek\u2019te motorlar \u00e7al\u0131\u015f\u0131yor!<\/strong><br><strong>\u0130zmir Otokros Kupas\u0131, 18\u201319 Ekim\u2019de be\u015f kategoride h\u0131z, toz ve adrenalin dolu m\u00fccadelelerle ba\u015fl\u0131yor.<\/strong><\/p>\n\n\n\n<figure class=\"wp-block-image size-large\"><img fetchpriority=\"high\" decoding=\"async\" width=\"1024\" height=\"575\" src=\"https:\/\/torkspor.com\/wp-content\/uploads\/2025\/10\/DSC5409-1024x575.jpg\" alt=\"\" class=\"wp-image-3138\" srcset=\"https:\/\/torkspor.com\/wp-content\/uploads\/2025\/10\/DSC5409-1024x575.jpg 1024w, https:\/\/torkspor.com\/wp-content\/uploads\/2025\/10\/DSC5409-300x168.jpg 300w, https:\/\/torkspor.com\/wp-content\/uploads\/2025\/10\/DSC5409-768x431.jpg 768w, https:\/\/torkspor.com\/wp-content\/uploads\/2025\/10\/DSC5409-1536x863.jpg 1536w, https:\/\/torkspor.com\/wp-content\/uploads\/2025\/10\/DSC5409-2048x1150.jpg 2048w\" sizes=\"(max-width: 1024px) 100vw, 1024px\" \/><\/figure>\n\n\n\n<p>\u0130zmir Otokros Kupas\u0131\u2019n\u0131n 1. ve 2. ayak yar\u0131\u015flar\u0131, <strong>Ege Asal Metal sponsorlu\u011funda<\/strong>, <strong>18\u201319 Ekim<\/strong> tarihlerinde Menemen Belediyesi\u2019nin katk\u0131lar\u0131yla <strong>Seyrek parkurunda<\/strong> d\u00fczenlenecek. Organizasyonu <strong>\u0130zmir Otomobil Sporlar\u0131 Kul\u00fcb\u00fc (\u0130OSK)<\/strong> \u00fcstlenirken, \u0130zmirli sporseverleri iki g\u00fcn boyunca adrenalin dolu bir hafta sonu bekliyor.<\/p>\n\n\n\n<p>Yakla\u015f\u0131k <strong>830 metre uzunlu\u011fundaki toprak zemine sahip k\u0131vr\u0131ml\u0131 parkur<\/strong>, hem s\u00fcr\u00fcc\u00fcler hem de izleyiciler i\u00e7in keyifli bir m\u00fccadele alan\u0131 sunuyor. H\u0131z, denge ve reflekslerin \u00f6n planda olaca\u011f\u0131 etapta yar\u0131\u015f\u00e7\u0131lar, <strong>be\u015f farkl\u0131 kategoride<\/strong> kupaya puan kazand\u0131racak m\u00fccadelelere imza atacak.<\/p>\n\n\n\n<figure class=\"wp-block-image size-large\"><img decoding=\"async\" width=\"1024\" height=\"575\" src=\"https:\/\/torkspor.com\/wp-content\/uploads\/2025\/10\/DSC5542-1024x575.jpg\" alt=\"\" class=\"wp-image-3139\" srcset=\"https:\/\/torkspor.com\/wp-content\/uploads\/2025\/10\/DSC5542-1024x575.jpg 1024w, https:\/\/torkspor.com\/wp-content\/uploads\/2025\/10\/DSC5542-300x168.jpg 300w, https:\/\/torkspor.com\/wp-content\/uploads\/2025\/10\/DSC5542-768x431.jpg 768w, https:\/\/torkspor.com\/wp-content\/uploads\/2025\/10\/DSC5542-1536x863.jpg 1536w, https:\/\/torkspor.com\/wp-content\/uploads\/2025\/10\/DSC5542-2048x1150.jpg 2048w\" sizes=\"(max-width: 1024px) 100vw, 1024px\" \/><\/figure>\n\n\n\n<h3 class=\"wp-block-heading\">\ud83d\udd52 Yar\u0131\u015f Program\u0131<\/h3>\n\n\n\n<p>Her iki g\u00fcn\u00fcn de program\u0131 sabah <strong>11.00\u2019de serbest antrenmanlarla<\/strong> ba\u015flayacak. Ard\u0131ndan <strong>12.00\u2019de s\u0131ralama turlar\u0131<\/strong> ko\u015fulacak.<br><strong>14.00\u201315.45<\/strong> saatleri aras\u0131nda ise as\u0131l yar\u0131\u015flar, toplam <strong>5 tur<\/strong> \u00fczerinden ger\u00e7ekle\u015ftirilecek.<br>G\u00fcn\u00fcn sonunda saat <strong>16.20\u2019de<\/strong> yap\u0131lacak <strong>\u00f6d\u00fcl t\u00f6reniyle<\/strong> heyecan doru\u011fa ula\u015facak.<\/p>\n\n\n\n<figure class=\"wp-block-image size-large\"><img decoding=\"async\" width=\"1024\" height=\"575\" src=\"https:\/\/torkspor.com\/wp-content\/uploads\/2025\/10\/Menemen-Otokros-P1-1024x575.jpg\" alt=\"\" class=\"wp-image-3140\" srcset=\"https:\/\/torkspor.com\/wp-content\/uploads\/2025\/10\/Menemen-Otokros-P1-1024x575.jpg 1024w, https:\/\/torkspor.com\/wp-content\/uploads\/2025\/10\/Menemen-Otokros-P1-300x168.jpg 300w, https:\/\/torkspor.com\/wp-content\/uploads\/2025\/10\/Menemen-Otokros-P1-768x431.jpg 768w, https:\/\/torkspor.com\/wp-content\/uploads\/2025\/10\/Menemen-Otokros-P1-1536x863.jpg 1536w, https:\/\/torkspor.com\/wp-content\/uploads\/2025\/10\/Menemen-Otokros-P1-2048x1150.jpg 2048w\" sizes=\"(max-width: 1024px) 100vw, 1024px\" \/><\/figure>\n\n\n\n<h3 class=\"wp-block-heading\">\ud83d\ude97 Pistte Deneyim, Trib\u00fcnde Co\u015fku<\/h3>\n\n\n\n<p>Seyrek parkuru, k\u0131vr\u0131ml\u0131 toprak yap\u0131s\u0131 ve k\u0131sa d\u00fczl\u00fc\u011f\u00fcyle s\u00fcr\u00fcc\u00fclere hem teknik hem de e\u011flenceli bir m\u00fccadele sunuyor. \u0130zmir merkezine yak\u0131n konumu sayesinde ula\u015f\u0131m kolayl\u0131\u011f\u0131 sa\u011flayan parkur, her y\u0131l oldu\u011fu gibi bu sezon da festival havas\u0131nda bir organizasyona ev sahipli\u011fi yapacak.<\/p>\n\n\n\n<p>Yar\u0131\u015flarda, otomobil sporlar\u0131n\u0131n deneyimli isimlerinden <strong>AYOSK Ba\u015fkan\u0131 Bekir Kuvvet Erim<\/strong> ve <strong>\u0130OSK Ba\u015fkan\u0131 Mithat Diker<\/strong> de start alacak. Kul\u00fcp y\u00f6neticilerinin pistte direksiyon ba\u015f\u0131na ge\u00e7mesi, hem spora verdikleri deste\u011fi hem de tutkunun ya\u015fla s\u0131n\u0131rl\u0131 olmad\u0131\u011f\u0131n\u0131 bir kez daha g\u00f6sterecek.<\/p>\n\n\n\n<figure class=\"wp-block-image size-full\"><img loading=\"lazy\" decoding=\"async\" width=\"977\" height=\"643\" src=\"https:\/\/torkspor.com\/wp-content\/uploads\/2025\/10\/Mithat_Diker-Erdal_Oral_2025_ESOK_Rally-5.jpg\" alt=\"\" class=\"wp-image-3141\" srcset=\"https:\/\/torkspor.com\/wp-content\/uploads\/2025\/10\/Mithat_Diker-Erdal_Oral_2025_ESOK_Rally-5.jpg 977w, https:\/\/torkspor.com\/wp-content\/uploads\/2025\/10\/Mithat_Diker-Erdal_Oral_2025_ESOK_Rally-5-300x197.jpg 300w, https:\/\/torkspor.com\/wp-content\/uploads\/2025\/10\/Mithat_Diker-Erdal_Oral_2025_ESOK_Rally-5-768x505.jpg 768w\" sizes=\"(max-width: 977px) 100vw, 977px\" \/><\/figure>\n\n\n\n<h3 class=\"wp-block-heading\">\ud83c\udfc1 53 Y\u0131ll\u0131k Tutku: Mithat Diker<\/h3>\n\n\n\n<p>T\u00fcrk otomobil sporlar\u0131n\u0131n ya\u015fayan efsanelerinden <strong>Mithat Diker<\/strong>, tam <strong>53 y\u0131ld\u0131r<\/strong> kesintisiz \u015fekilde direksiyon ba\u015f\u0131nda. Ayn\u0131 zamanda \u0130OSK Ba\u015fkan\u0131 olarak organizasyonun mimar\u0131 olan Diker, her yar\u0131\u015fta hem sporcu hem de y\u00f6netici kimli\u011fiyle motor sporlar\u0131na \u00f6rnek olmaya devam ediyor.<br>Diker, yar\u0131\u015f \u00f6ncesi yapt\u0131\u011f\u0131 a\u00e7\u0131klamada,<\/p>\n\n\n\n<blockquote class=\"wp-block-quote is-layout-flow wp-block-quote-is-layout-flow\">\n<p>\u201cMenemen Belediyesi i\u015f birli\u011fiyle \u0130zmirli sporseverlere unutulmaz bir hafta sonu ya\u015fatmak istiyoruz. Seyrek parkurunda, hem yar\u0131\u015f\u00e7\u0131lar hem de izleyiciler i\u00e7in keyifli bir atmosfer olacak,\u201d<br>dedi.<\/p>\n<\/blockquote>\n\n\n\n<h3 class=\"wp-block-heading\">\ud83d\udcac Kat\u0131l, Ya\u015fa, \u0130z B\u0131rak<\/h3>\n\n\n\n<p>Bu y\u0131l da \u0130zmir Otokros Kupas\u0131\u2019nda yar\u0131\u015f\u00e7\u0131lar, tozun ve adrenalinin birle\u015fti\u011fi bu zorlu parkurda m\u00fccadele edecek.<br>Kat\u0131lmak isteyen sporcular i\u00e7in kay\u0131tlar <strong>\u0130OSK resmi kanallar\u0131 \u00fczerinden<\/strong> devam ediyor.<br>Parkurun tozlu virajlar\u0131nda direksiyon sallamak, motor sesleriyle yank\u0131lanan bu festivalde yer almak isteyen t\u00fcm yar\u0131\u015f\u00e7\u0131lar ve izleyiciler davetli!<\/p>\n\n\n\n<p><strong>18\u201319 Ekim\u2019de Seyrek\u2019te bulu\u015fal\u0131m!<\/strong><br>Motorsporlar\u0131n\u0131n kalbi bir kez daha \u0130zmir\u2019de atacak.<\/p>\n\n\n\n<figure class=\"wp-block-image size-large is-resized\"><img loading=\"lazy\" decoding=\"async\" width=\"1024\" height=\"1024\" src=\"https:\/\/torkspor.com\/wp-content\/uploads\/2025\/10\/IOSK-Logo-1024x1024.png\" alt=\"\" class=\"wp-image-3145\" style=\"width:326px;height:auto\" srcset=\"https:\/\/torkspor.com\/wp-content\/uploads\/2025\/10\/IOSK-Logo-1024x1024.png 1024w, https:\/\/torkspor.com\/wp-content\/uploads\/2025\/10\/IOSK-Logo-300x300.png 300w, https:\/\/torkspor.com\/wp-content\/uploads\/2025\/10\/IOSK-Logo-150x150.png 150w, https:\/\/torkspor.com\/wp-content\/uploads\/2025\/10\/IOSK-Logo-768x768.png 768w, https:\/\/torkspor.com\/wp-content\/uploads\/2025\/10\/IOSK-Logo-1536x1536.png 1536w, https:\/\/torkspor.com\/wp-content\/uploads\/2025\/10\/IOSK-Logo.png 2026w\" sizes=\"(max-width: 1024px) 100vw, 1024px\" \/><\/figure>\n\n\n\n<figure class=\"wp-block-image size-large is-resized\"><img loading=\"lazy\" decoding=\"async\" width=\"987\" height=\"1024\" src=\"https:\/\/torkspor.com\/wp-content\/uploads\/2025\/10\/Menemen-Belediyesi-Logo-987x1024.png\" alt=\"\" class=\"wp-image-3146\" style=\"width:365px;height:auto\" srcset=\"https:\/\/torkspor.com\/wp-content\/uploads\/2025\/10\/Menemen-Belediyesi-Logo-987x1024.png 987w, https:\/\/torkspor.com\/wp-content\/uploads\/2025\/10\/Menemen-Belediyesi-Logo-289x300.png 289w, https:\/\/torkspor.com\/wp-content\/uploads\/2025\/10\/Menemen-Belediyesi-Logo-768x797.png 768w, https:\/\/torkspor.com\/wp-content\/uploads\/2025\/10\/Menemen-Belediyesi-Logo.png 1074w\" sizes=\"(max-width: 987px) 100vw, 987px\" \/><\/figure>\n","protected":false},"excerpt":{"rendered":"<p>Seyrek\u2019te motorlar \u00e7al\u0131\u015f\u0131yor!\u0130zmir Otokros Kupas\u0131, 18\u201319 Ekim\u2019de be\u015f kategoride h\u0131z, toz ve adrenalin dolu m\u00fccadelelerle ba\u015fl\u0131yor. \u0130zmir Otokros Kupas\u0131\u2019n\u0131n 1.<\/p>\n","protected":false},"author":2,"featured_media":3142,"comment_status":"open","ping_status":"open","sticky":false,"template":"","format":"standard","meta":{"footnotes":""},"categories":[1,5,8],"tags":[619,612,613,614,621,530,611,616,617,521,620,618,622,615],"class_list":["post-3137","post","type-post","status-publish","format-standard","has-post-thumbnail","hentry","category-genel","category-haberler","category-sonhaberler","tag-ayosk","tag-bekir-kuvvet-erim","tag-ege-asal-metal","tag-iosk","tag-izmir-etkinlik","tag-izmir-motorsporlari","tag-izmir-otokros-kupasi","tag-izmir-yarislari","tag-menemen-belediyesi","tag-mithat-diker","tag-otokros","tag-otomobil-sporlari","tag-rallycross-turkiye","tag-seyrek-parkuru"],"magazineBlocksPostFeaturedMedia":{"thumbnail":"https:\/\/torkspor.com\/wp-content\/uploads\/2025\/10\/DSC5298-150x150.jpg","medium":"https:\/\/torkspor.com\/wp-content\/uploads\/2025\/10\/DSC5298-300x168.jpg","medium_large":"https:\/\/torkspor.com\/wp-content\/uploads\/2025\/10\/DSC5298-768x431.jpg","large":"https:\/\/torkspor.com\/wp-content\/uploads\/2025\/10\/DSC5298-1024x575.jpg","1536x1536":"https:\/\/torkspor.com\/wp-content\/uploads\/2025\/10\/DSC5298-1536x863.jpg","2048x2048":"https:\/\/torkspor.com\/wp-content\/uploads\/2025\/10\/DSC5298-2048x1150.jpg","colormag-highlighted-post":"https:\/\/torkspor.com\/wp-content\/uploads\/2025\/10\/DSC5298-392x272.jpg","colormag-featured-post-medium":"https:\/\/torkspor.com\/wp-content\/uploads\/2025\/10\/DSC5298-390x205.jpg","colormag-featured-post-small":"https:\/\/torkspor.com\/wp-content\/uploads\/2025\/10\/DSC5298-130x90.jpg","colormag-featured-image":"https:\/\/torkspor.com\/wp-content\/uploads\/2025\/10\/DSC5298-800x445.jpg","colormag-default-news":"https:\/\/torkspor.com\/wp-content\/uploads\/2025\/10\/DSC5298-150x150.jpg","colormag-featured-image-large":"https:\/\/torkspor.com\/wp-content\/uploads\/2025\/10\/DSC5298-1400x600.jpg","colormag-elementor-block-extra-large-thumbnail":"https:\/\/torkspor.com\/wp-content\/uploads\/2025\/10\/DSC5298-1155x480.jpg","colormag-elementor-grid-large-thumbnail":"https:\/\/torkspor.com\/wp-content\/uploads\/2025\/10\/DSC5298-600x417.jpg","colormag-elementor-grid-small-thumbnail":"https:\/\/torkspor.com\/wp-content\/uploads\/2025\/10\/DSC5298-285x450.jpg","colormag-elementor-grid-medium-large-thumbnail":"https:\/\/torkspor.com\/wp-content\/uploads\/2025\/10\/DSC5298-575x198.jpg"},"magazineBlocksPostAuthor":{"name":"Okan \u00c7etiner","avatar":"https:\/\/secure.gravatar.com\/avatar\/0b8d387b873c3962ae491deaf4b94a08a9b0dbc2778155c139691933252f8856?s=96&d=mm&r=g"},"magazineBlocksPostCommentsNumber":"0","magazineBlocksPostExcerpt":"Seyrek\u2019te motorlar \u00e7al\u0131\u015f\u0131yor!\u0130zmir Otokros Kupas\u0131, 18\u201319 Ekim\u2019de be\u015f kategoride h\u0131z, toz ve adrenalin dolu m\u00fccadelelerle ba\u015fl\u0131yor. \u0130zmir Otokros Kupas\u0131\u2019n\u0131n 1.","magazineBlocksPostCategories":["Genel","Haberler","Son Haberler"],"magazine_blocks_featured_image_url":{"full":["https:\/\/torkspor.com\/wp-content\/uploads\/2025\/10\/DSC5298-scaled.jpg",2560,1438,false],"medium":["https:\/\/torkspor.com\/wp-content\/uploads\/2025\/10\/DSC5298-300x168.jpg",300,168,true],"thumbnail":["https:\/\/torkspor.com\/wp-content\/uploads\/2025\/10\/DSC5298-150x150.jpg",150,150,true]},"magazine_blocks_author":{"display_name":"Okan \u00c7etiner","author_link":"https:\/\/torkspor.com\/?author=2"},"magazine_blocks_comment":3,"magazine_blocks_author_image":"https:\/\/secure.gravatar.com\/avatar\/0b8d387b873c3962ae491deaf4b94a08a9b0dbc2778155c139691933252f8856?s=96&d=mm&r=g","magazine_blocks_category":"<a href=\"https:\/\/torkspor.com\/?cat=1\" rel=\"category\">Genel<\/a> <a href=\"https:\/\/torkspor.com\/?cat=5\" rel=\"category\">Haberler<\/a> <a href=\"https:\/\/torkspor.com\/?cat=8\" rel=\"category\">Son Haberler<\/a>","_links":{"self":[{"href":"https:\/\/torkspor.com\/index.php?rest_route=\/wp\/v2\/posts\/3137","targetHints":{"allow":["GET"]}}],"collection":[{"href":"https:\/\/torkspor.com\/index.php?rest_route=\/wp\/v2\/posts"}],"about":[{"href":"https:\/\/torkspor.com\/index.php?rest_route=\/wp\/v2\/types\/post"}],"author":[{"embeddable":true,"href":"https:\/\/torkspor.com\/index.php?rest_route=\/wp\/v2\/users\/2"}],"replies":[{"embeddable":true,"href":"https:\/\/torkspor.com\/index.php?rest_route=%2Fwp%2Fv2%2Fcomments&post=3137"}],"version-history":[{"count":2,"href":"https:\/\/torkspor.com\/index.php?rest_route=\/wp\/v2\/posts\/3137\/revisions"}],"predecessor-version":[{"id":3147,"href":"https:\/\/torkspor.com\/index.php?rest_route=\/wp\/v2\/posts\/3137\/revisions\/3147"}],"wp:featuredmedia":[{"embeddable":true,"href":"https:\/\/torkspor.com\/index.php?rest_route=\/wp\/v2\/media\/3142"}],"wp:attachment":[{"href":"https:\/\/torkspor.com\/index.php?rest_route=%2Fwp%2Fv2%2Fmedia&parent=3137"}],"wp:term":[{"taxonomy":"category","embeddable":true,"href":"https:\/\/torkspor.com\/index.php?rest_route=%2Fwp%2Fv2%2Fcategories&post=3137"},{"taxonomy":"post_tag","embeddable":true,"href":"https:\/\/torkspor.com\/index.php?rest_route=%2Fwp%2Fv2%2Ftags&post=3137"}],"curies":[{"name":"wp","href":"https:\/\/api.w.org\/{rel}","templated":true}]}}