{"id":3155,"date":"2025-10-07T23:01:03","date_gmt":"2025-10-07T20:01:03","guid":{"rendered":"https:\/\/torkspor.com\/?p=3155"},"modified":"2025-10-07T23:01:05","modified_gmt":"2025-10-07T20:01:05","slug":"porsche-surucusu-ayhancan-guven-dtm-sampiyonluk-heyecanini-zaferle-sonlandirdi","status":"publish","type":"post","link":"https:\/\/torkspor.com\/?p=3155","title":{"rendered":"Porsche s\u00fcr\u00fcc\u00fcs\u00fc Ayhancan G\u00fcven, DTM \u015fampiyonluk heyecan\u0131n\u0131 zaferle sonland\u0131rd\u0131"},"content":{"rendered":"\n<figure class=\"wp-block-table\"><table class=\"has-fixed-layout\"><tbody><tr><td><strong>Eski Porsche Junior, ilk T\u00fcrk DTM \u015fampiyonu oldu<\/strong><strong>Porsche m\u00fc\u015fteri tak\u0131m\u0131 Manthey, 2023&#8217;ten sonra tak\u0131m klasman\u0131n\u0131 tekrar kazand\u0131<\/strong><strong>2023 \u015fampiyonu Thomas Preining genel klasmanda d\u00f6rd\u00fcnc\u00fc oldu<\/strong><strong>Manthey Junior Team s\u00fcr\u00fcc\u00fcs\u00fc Morris Schuring &#8216;Y\u0131l\u0131n \u00c7ayla\u011f\u0131&#8217; oldu<\/strong><strong>Porsche, DTM \u015fampiyonluklar\u0131yla k\u00fcresel m\u00fc\u015fteri motor sporlar\u0131ndaki g\u00fcc\u00fcn\u00fc kan\u0131tl\u0131yor<\/strong><\/td><\/tr><\/tbody><\/table><\/figure>\n\n\n\n<figure class=\"wp-block-table\"><table class=\"has-fixed-layout\"><tbody><tr><td><strong>Ayhancan G\u00fcven, Hockenheimring&#8217;deki dramatik finalde DTM \u015fampiyonu olan ilk T\u00fcrk pilot oldu. 27 ya\u015f\u0131ndaki pilot, Pazar g\u00fcnk\u00fc yar\u0131\u015f\u0131n son etaplar\u0131nda zorlu bir d\u00fcellodan galip ayr\u0131ld\u0131. G\u00fcven&#8217;in Manthey EMA tak\u0131m arkada\u015f\u0131 ve ayn\u0131 zamanda eski bir Porsche Junior s\u00fcr\u00fcc\u00fcs\u00fc olan Thomas Preining, Cumartesi g\u00fcnk\u00fc yar\u0131\u015f\u0131 daha \u00f6nce kazanm\u0131\u015ft\u0131. 2023 DTM \u015fampiyonu, sezonu genel klasmanda d\u00f6rd\u00fcnc\u00fc s\u0131rada tamamlad\u0131. Manthey Junior Team pilotu Morris Schuring, Cumartesi g\u00fcn\u00fc \u00fc\u00e7\u00fcnc\u00fcl\u00fckle hen\u00fcz gen\u00e7 olan DTM kariyerinin \u015fimdiye kadarki en iyi sonucunu kutlad\u0131 ve &#8220;Y\u0131l\u0131n \u00c7ayla\u011f\u0131&#8221; unvan\u0131n\u0131 elde etti. Porsche&#8217;nin m\u00fc\u015fteri tak\u0131m\u0131 Manthey, Cumartesi g\u00fcn\u00fc DTM tak\u0131m \u015fampiyonlu\u011funu ikinci kez kazanm\u0131\u015ft\u0131.<\/strong><\/td><\/tr><\/tbody><\/table><\/figure>\n\n\n\n<figure class=\"wp-block-image size-large\"><img fetchpriority=\"high\" decoding=\"async\" width=\"1024\" height=\"683\" src=\"https:\/\/torkspor.com\/wp-content\/uploads\/2025\/10\/DTM825_100217323600873JS_JS-1024x683.jpg\" alt=\"\" class=\"wp-image-3156\" srcset=\"https:\/\/torkspor.com\/wp-content\/uploads\/2025\/10\/DTM825_100217323600873JS_JS-1024x683.jpg 1024w, https:\/\/torkspor.com\/wp-content\/uploads\/2025\/10\/DTM825_100217323600873JS_JS-300x200.jpg 300w, https:\/\/torkspor.com\/wp-content\/uploads\/2025\/10\/DTM825_100217323600873JS_JS-768x512.jpg 768w, https:\/\/torkspor.com\/wp-content\/uploads\/2025\/10\/DTM825_100217323600873JS_JS-1536x1024.jpg 1536w, https:\/\/torkspor.com\/wp-content\/uploads\/2025\/10\/DTM825_100217323600873JS_JS-2048x1365.jpg 2048w\" sizes=\"(max-width: 1024px) 100vw, 1024px\" \/><figcaption class=\"wp-element-caption\">DTM, 15. + 16. Rennen Hockenheimring 2025 &#8211; Foto: Gruppe C Photography<\/figcaption><\/figure>\n\n\n\n<p>Stuttgart.&nbsp;Hockenheim Motodrom&#8217;da Sachs viraj\u0131nda \u200b\u200bfren yaparken cesur bir manevra yapan Ayhancan G\u00fcven, Pazar g\u00fcnk\u00fc yar\u0131\u015fta zafere ula\u015ft\u0131 ve 2025 DTM s\u00fcr\u00fcc\u00fcler \u015fampiyonlu\u011funu kazand\u0131. 92 numaral\u0131 Porsche 911 GT3 R&#8217;\u0131n s\u00fcr\u00fcc\u00fcs\u00fc, \u015fampiyonan\u0131n 40 y\u0131l\u0131 a\u015fk\u0131n tarihindeki ilk T\u00fcrk \u015fampiyonu oldu. Gridde ikinci s\u0131radan ba\u015flayan 27 ya\u015f\u0131ndaki s\u00fcr\u00fcc\u00fc, performans pit stoplar\u0131n\u0131n ilk turunun ard\u0131ndan liderli\u011fi ele ge\u00e7irdi ve ikinci zorunlu lastik de\u011fi\u015fiminin ard\u0131ndan liderli\u011fini korudu. Biti\u015ften birka\u00e7 dakika \u00f6nce gelen g\u00fcvenlik arac\u0131 faz\u0131, en yak\u0131n takip\u00e7isi Marco Wittmann&#8217;\u0131 tekrar \u00e7arp\u0131c\u0131 bir mesafeye getirdi. BMW s\u00fcr\u00fcc\u00fcs\u00fc, Motodrom&#8217;a girerken son turda k\u0131sa bir s\u00fcreli\u011fine liderli\u011fi ele ge\u00e7irdi, ancak birka\u00e7 metre sonra kararl\u0131 G\u00fcven&#8217;e yenilgiyi kabul etmek zorunda kald\u0131. Porsche Motorsport Ba\u015fkan<\/p>\n\n\n\n<figure class=\"wp-block-image size-large\"><img decoding=\"async\" width=\"683\" height=\"1024\" src=\"https:\/\/torkspor.com\/wp-content\/uploads\/2025\/10\/DTM825_100509532607650SVS_SVS-683x1024.jpg\" alt=\"\" class=\"wp-image-3157\" srcset=\"https:\/\/torkspor.com\/wp-content\/uploads\/2025\/10\/DTM825_100509532607650SVS_SVS-683x1024.jpg 683w, https:\/\/torkspor.com\/wp-content\/uploads\/2025\/10\/DTM825_100509532607650SVS_SVS-200x300.jpg 200w, https:\/\/torkspor.com\/wp-content\/uploads\/2025\/10\/DTM825_100509532607650SVS_SVS-768x1152.jpg 768w, https:\/\/torkspor.com\/wp-content\/uploads\/2025\/10\/DTM825_100509532607650SVS_SVS-1024x1536.jpg 1024w, https:\/\/torkspor.com\/wp-content\/uploads\/2025\/10\/DTM825_100509532607650SVS_SVS-1365x2048.jpg 1365w, https:\/\/torkspor.com\/wp-content\/uploads\/2025\/10\/DTM825_100509532607650SVS_SVS-scaled.jpg 1707w\" sizes=\"(max-width: 683px) 100vw, 683px\" \/><figcaption class=\"wp-element-caption\">DTM, 15. + 16. Rennen Hockenheimring 2025 &#8211; Foto: Gruppe C Photography<\/figcaption><\/figure>\n\n\n\n<p>Yard\u0131mc\u0131s\u0131 Thomas Laudenbach, &#8220;\u0130nan\u0131lmaz, nefes kesen bir finaldi &#8211; \u00e7\u0131lg\u0131n bir heyecand\u0131! Motor sporlar\u0131 i\u00e7in bundan daha iyi bir tan\u0131t\u0131m olamazd\u0131&#8221; diye vurgulad\u0131. &#8220;Ayhancan G\u00fcven&#8217;in \u015fampiyonlu\u011fu kazanabilmesinden dolay\u0131 inan\u0131lmaz mutluyuz. Manthey ekibini tebrik ediyor ve b\u00fcy\u00fck bir iltifat ediyoruz, tabii ki pilotlar\u0131m\u0131z Ayhancan G\u00fcven, Thomas Preining ve son olarak \u00e7aylak klasman\u0131n\u0131 kazanan Morris Schuring&#8217;i de tebrik ediyoruz. Manthey ayr\u0131ca tak\u0131m klasman\u0131n\u0131 da kazand\u0131. Bu ba\u015far\u0131y\u0131 m\u00fcmk\u00fcn k\u0131lan Weissach&#8217;taki Porsche Motorsport&#8217;taki ve sahadaki t\u00fcm destek\u00e7ilerimize te\u015fekk\u00fcr ediyor ve tebrik ediyoruz. Son derece gurur duyabiliriz!&#8221;<\/p>\n\n\n\n<p>G\u00fcven, Pazar g\u00fcnk\u00fc yar\u0131\u015f\u0131n ba\u015flang\u0131c\u0131ndan \u00f6nce sekiz puan gerideyken, Manthey EMA tak\u0131m arkada\u015f\u0131 Thomas Preining, \u015fampiyona liderinin sadece \u00fc\u00e7 puan gerisinde yar\u0131\u015fa ba\u015flad\u0131. Ancak, gridde on birinci s\u0131radan ba\u015flayan 2023 DTM \u015fampiyonu, \u015fampiyonluk m\u00fccadelesinde belirleyici bir etki yaratamad\u0131. Avusturyal\u0131 pilot, sezonun son yar\u0131\u015f\u0131n\u0131 alt\u0131nc\u0131 s\u0131rada tamamlad\u0131. Yedinci s\u0131radan ba\u015flayan Hollandal\u0131 Manthey Junior Team pilotu Morris Schuring, ilk turda kendi hatas\u0131 olmayan bir kaza sonucu \u00e7ok geride kald\u0131. Yar\u0131\u015f\u0131 14. s\u0131rada tamamlayarak &#8216;Y\u0131l\u0131n \u00c7ayla\u011f\u0131&#8217; unvan\u0131n\u0131 ald\u0131.<\/p>\n\n\n\n<figure class=\"wp-block-image size-large\"><img decoding=\"async\" width=\"1024\" height=\"683\" src=\"https:\/\/torkspor.com\/wp-content\/uploads\/2025\/10\/DTM825_100413042306788BK_TU-1024x683.jpg\" alt=\"\" class=\"wp-image-3158\" srcset=\"https:\/\/torkspor.com\/wp-content\/uploads\/2025\/10\/DTM825_100413042306788BK_TU-1024x683.jpg 1024w, https:\/\/torkspor.com\/wp-content\/uploads\/2025\/10\/DTM825_100413042306788BK_TU-300x200.jpg 300w, https:\/\/torkspor.com\/wp-content\/uploads\/2025\/10\/DTM825_100413042306788BK_TU-768x512.jpg 768w, https:\/\/torkspor.com\/wp-content\/uploads\/2025\/10\/DTM825_100413042306788BK_TU-1536x1025.jpg 1536w, https:\/\/torkspor.com\/wp-content\/uploads\/2025\/10\/DTM825_100413042306788BK_TU-2048x1366.jpg 2048w\" sizes=\"(max-width: 1024px) 100vw, 1024px\" \/><figcaption class=\"wp-element-caption\">DTM, 15. + 16. Rennen Hockenheimring 2025 &#8211; Foto: Gruppe C Photography<\/figcaption><\/figure>\n\n\n\n<p><strong>M\u00fc\u015fteri tak\u0131m\u0131 Manthey, Cumartesi g\u00fcn\u00fc tak\u0131m \u015fampiyonlu\u011funu ilan etti.<\/strong><br>Cumartesi g\u00fcnk\u00fc yar\u0131\u015f, sa\u011fanak ya\u011fmur nedeniyle ba\u015flang\u0131\u00e7ta planlanandan yakla\u015f\u0131k yar\u0131m saat ge\u00e7 ba\u015flad\u0131. Thomas Preining, Hockenheimring&#8217;in \u0131slak asfalt\u0131ndaki zorlu ko\u015fullarla \u00e7ok iyi ba\u015fa \u00e7\u0131kt\u0131. Manthey EMA s\u00fcr\u00fcc\u00fcs\u00fc sekizinci turda liderli\u011fi ele ge\u00e7irdi, kademeli olarak art\u0131rd\u0131 ve sonunda 17 saniyenin biraz alt\u0131nda bir farkla kazand\u0131. Morris Schuring, biti\u015f \u00e7izgisine kadar ikincilik i\u00e7in m\u00fccadele etti ve sadece iki onda bir saniyeyle ka\u00e7\u0131rd\u0131. \u00dc\u00e7\u00fcnc\u00fcl\u00fckle Hollandal\u0131 \u00e7aylak, hen\u00fcz gen\u00e7 olan DTM kariyerinin en iyi sonucunu kutlad\u0131 ve ayn\u0131 zamanda Porsche m\u00fc\u015fteri tak\u0131m\u0131 Manthey&#8217;e bu y\u0131lki tak\u0131m \u015fampiyonas\u0131nda erken bir zafer kazand\u0131rd\u0131; bu, 2023&#8217;ten bu yana ikincileriydi. \u0130kinci Manthey EMA 911&#8217;deki Ayhancan G\u00fcven, Porsche&#8217;nin g\u00fc\u00e7l\u00fc performans\u0131n\u0131 Cumartesi g\u00fcn\u00fc be\u015fincilikle tamamlad\u0131.<\/p>\n\n\n\n<p>Manthey Racing GmbH Genel M\u00fcd\u00fcr\u00fc Nicolas Raeder, &#8220;\u00c7ok say\u0131da ini\u015f \u00e7\u0131k\u0131\u015fl\u0131, \u00e7ok etkileyici bir sezon ge\u00e7irdik&#8221; diye hat\u0131rl\u0131yor. &#8220;Ayhancan ve Thomas&#8217;\u0131n tak\u0131m i\u00e7i liderlikte ne kadar s\u0131k \u200b\u200bd\u00f6n\u00fc\u015f\u00fcml\u00fc olarak g\u00f6rev ald\u0131\u011f\u0131 ger\u00e7ekten inan\u0131lmaz. Bir y\u0131lda yedi galibiyet ola\u011fan\u00fcst\u00fc bir sonu\u00e7; neredeyse her iki yar\u0131\u015f\u0131 da kazand\u0131k. Bu son derece heyecanl\u0131 finali kazanaca\u011f\u0131m\u0131za neredeyse inanam\u0131yordum. Tak\u0131m\u0131m\u0131z\u0131n bask\u0131 alt\u0131nda nas\u0131l performans g\u00f6sterdi\u011finden \u00e7ok etkilendim.&#8221;<\/p>\n\n\n\n<figure class=\"wp-block-image size-large\"><img loading=\"lazy\" decoding=\"async\" width=\"1024\" height=\"683\" src=\"https:\/\/torkspor.com\/wp-content\/uploads\/2025\/10\/DTM825_100311021700210JB-1024x683.jpg\" alt=\"\" class=\"wp-image-3159\" srcset=\"https:\/\/torkspor.com\/wp-content\/uploads\/2025\/10\/DTM825_100311021700210JB-1024x683.jpg 1024w, https:\/\/torkspor.com\/wp-content\/uploads\/2025\/10\/DTM825_100311021700210JB-300x200.jpg 300w, https:\/\/torkspor.com\/wp-content\/uploads\/2025\/10\/DTM825_100311021700210JB-768x512.jpg 768w, https:\/\/torkspor.com\/wp-content\/uploads\/2025\/10\/DTM825_100311021700210JB-1536x1024.jpg 1536w, https:\/\/torkspor.com\/wp-content\/uploads\/2025\/10\/DTM825_100311021700210JB-2048x1365.jpg 2048w\" sizes=\"(max-width: 1024px) 100vw, 1024px\" \/><figcaption class=\"wp-element-caption\">DTM, 15. + 16. Rennen Hockenheimring 2025 &#8211; Foto: Gruppe C Photography<\/figcaption><\/figure>\n\n\n\n<p>\u201cSezonun son yar\u0131\u015f\u0131ndaki zafer bize tepside sunulmad\u0131. Ayhancan G\u00fcven, \u015fampiyonluk i\u00e7in aslan y\u00fcre\u011fiyle sava\u015ft\u0131 ve s\u00fcr\u00fc\u015f becerileriyle galip geldi,\u201d diyor Porsche 911 GT3 R Proje Y\u00f6neticisi Sebastian Golz. \u201cPorsche 911 GT3 R&#8217;nin haz\u0131rlanmas\u0131ndan pit stoplara kadar, tak\u0131m kesinlikle kusursuz bir i\u015f \u00e7\u0131kard\u0131; geli\u015ftirilecek hi\u00e7bir \u015fey yoktu. \u00dc\u00e7 pilotumuz birlikte m\u00fckemmel \u00e7al\u0131\u015ft\u0131. Cumartesi g\u00fcn\u00fc, Thomas Preining ya\u011fmurda etkileyici bir performansla yetene\u011fini ortaya koydu ve galibiyeti ald\u0131. Morris Schuring de bu hafta sonu zorlu ko\u015fullarda harika bir performans sergiledi. Bizim a\u00e7\u0131m\u0131zdan, t\u00fcm y\u0131l ini\u015fli \u00e7\u0131k\u0131\u015fl\u0131 bir yolculuktu. Bu hafta sonu, Manthey, pilotlar ve biz her \u015feyi do\u011fru yapt\u0131\u011f\u0131m\u0131z ve performans\u0131n son damlas\u0131na kadar ortaya koydu\u011fumuz i\u00e7in s\u0131ralama turlar\u0131nda ilk kez en \u00fcst grupta yer almay\u0131 ba\u015fard\u0131k.\u201d<\/p>\n\n\n\n<p>Porsche, yedi birincilikle 16 yar\u0131\u015fl\u0131k 2025 DTM sezonunu a\u00e7\u0131k ara en \u00e7ok kazanan \u00fcretici olarak tamamlad\u0131. Sezon boyunca be\u015f markan\u0131n her biri en az bir yar\u0131\u015f kazand\u0131, ancak hi\u00e7biri \u00fc\u00e7ten fazla yar\u0131\u015f kazanamad\u0131. Siyah beyaz damal\u0131 bayra\u011f\u0131 be\u015f kez g\u00f6ren ilk marka Ayhancan G\u00fcven olurken, Thomas Preining iki kez podyumun en \u00fcst basama\u011f\u0131na \u00e7\u0131kt\u0131.<\/p>\n\n\n\n<figure class=\"wp-block-image size-large\"><img loading=\"lazy\" decoding=\"async\" width=\"1024\" height=\"683\" src=\"https:\/\/torkspor.com\/wp-content\/uploads\/2025\/10\/DTM825_100316142604768TF_TF-1024x683.jpg\" alt=\"\" class=\"wp-image-3160\" srcset=\"https:\/\/torkspor.com\/wp-content\/uploads\/2025\/10\/DTM825_100316142604768TF_TF-1024x683.jpg 1024w, https:\/\/torkspor.com\/wp-content\/uploads\/2025\/10\/DTM825_100316142604768TF_TF-300x200.jpg 300w, https:\/\/torkspor.com\/wp-content\/uploads\/2025\/10\/DTM825_100316142604768TF_TF-768x512.jpg 768w, https:\/\/torkspor.com\/wp-content\/uploads\/2025\/10\/DTM825_100316142604768TF_TF-1536x1024.jpg 1536w, https:\/\/torkspor.com\/wp-content\/uploads\/2025\/10\/DTM825_100316142604768TF_TF-2048x1365.jpg 2048w\" sizes=\"(max-width: 1024px) 100vw, 1024px\" \/><figcaption class=\"wp-element-caption\">DTM, 15. + 16. Rennen Hockenheimring 2025 &#8211; Foto: Gruppe C Photography<\/figcaption><\/figure>\n\n\n\n<p><strong>Yar\u0131\u015f sonras\u0131 yorumlar\u0131 :<\/strong><br><strong>Ayhancan G\u00fcven (Manthey EMA, Porsche 911 GT3 R #90):<\/strong>&#8220;Be\u015f ya\u015f\u0131nda motor sporlar\u0131na ba\u015flad\u0131\u011f\u0131mdan beri bu t\u00fcr bir ba\u015far\u0131 i\u00e7in \u00e7al\u0131\u015f\u0131yorum. \u015eimdi, 27 ya\u015f\u0131nda bu \u015fampiyonlu\u011fu kazanmak sadece benim i\u00e7in de\u011fil, ayn\u0131 zamanda ailem, hayranlar\u0131m ve memleketim i\u00e7in de \u00e7ok \u00f6nemli. Yar\u0131\u015ftan \u00f6nce, yaln\u0131zca bir galibiyetin bana \u015fampiyonluk i\u00e7in ger\u00e7ek\u00e7i bir \u015fans verece\u011fini biliyordum. Hedefim buydu. Yar\u0131\u015f s\u0131ras\u0131nda hi\u00e7bir hesaplama yapmad\u0131m ve di\u011ferlerinin ne yapt\u0131\u011f\u0131yla ilgilenmedim. Marco Wittmann son turda beni ge\u00e7ti\u011finde, tak\u0131m\u0131m telsizle kazanmam gerekti\u011fini s\u00f6yledi. Bu y\u00fczden Motodrom&#8217;daki k\u00fc\u00e7\u00fck farktan faydalan\u0131p onu tekrar ge\u00e7tim.&#8221;<\/p>\n\n\n\n<figure class=\"wp-block-image size-large\"><img loading=\"lazy\" decoding=\"async\" width=\"683\" height=\"1024\" src=\"https:\/\/torkspor.com\/wp-content\/uploads\/2025\/10\/DTM825_100509550808039SVS_SVS-683x1024.jpg\" alt=\"\" class=\"wp-image-3161\" srcset=\"https:\/\/torkspor.com\/wp-content\/uploads\/2025\/10\/DTM825_100509550808039SVS_SVS-683x1024.jpg 683w, https:\/\/torkspor.com\/wp-content\/uploads\/2025\/10\/DTM825_100509550808039SVS_SVS-200x300.jpg 200w, https:\/\/torkspor.com\/wp-content\/uploads\/2025\/10\/DTM825_100509550808039SVS_SVS-768x1152.jpg 768w, https:\/\/torkspor.com\/wp-content\/uploads\/2025\/10\/DTM825_100509550808039SVS_SVS-1024x1536.jpg 1024w, https:\/\/torkspor.com\/wp-content\/uploads\/2025\/10\/DTM825_100509550808039SVS_SVS-1365x2048.jpg 1365w, https:\/\/torkspor.com\/wp-content\/uploads\/2025\/10\/DTM825_100509550808039SVS_SVS-scaled.jpg 1707w\" sizes=\"(max-width: 683px) 100vw, 683px\" \/><figcaption class=\"wp-element-caption\">DTM, 15. + 16. Rennen Hockenheimring 2025 &#8211; Foto: Gruppe C Photography<\/figcaption><\/figure>\n\n\n\n<p><strong>Thomas Preining (Manthey EMA, Porsche 911 GT3 R #91):<\/strong>&nbsp;&#8220;Genel klasmanda d\u00f6rd\u00fcnc\u00fc olmaktan biraz hayal k\u0131r\u0131kl\u0131\u011f\u0131na u\u011frad\u0131m. \u00d6te yandan, zaman zaman bekledi\u011fimizden \u00e7ok daha iyi bir sonu\u00e7. Kontrol\u00fcm\u00fcz d\u0131\u015f\u0131nda \u00fc\u00e7 kez yar\u0131\u015f d\u0131\u015f\u0131 kald\u0131m ve ayr\u0131ca birka\u00e7 puan kaybettik. Son ana kadar \u015fampiyonluk m\u00fccadelesi veriyor olmam\u0131z bence olumlu bir i\u015faret. Can&#8217;\u0131 tebrik ederim! Ger\u00e7ekten elinden geleni yapt\u0131 &#8211; ger\u00e7ekten harika! Gelecek y\u0131l ikinci DTM \u015fampiyonlu\u011fumu kazanmak i\u00e7in tekrar ata\u011fa kalkaca\u011f\u0131m.&#8221;<\/p>\n\n\n\n<p><strong>Morris Schuring (Manthey Junior Tak\u0131m\u0131, Porsche 911 GT3 R #92):<\/strong>&nbsp;&#8220;\u0130lk DTM podyumumla gurur duyuyorum; sezon hedefime ula\u015ft\u0131m. Ne yaz\u0131k ki Pazar g\u00fcnk\u00fc yar\u0131\u015f pek iyi ge\u00e7medi. \u0130lk turda sert bir darbe ald\u0131m. Ancak tak\u0131m, Porsche 911 GT3 R&#8217;\u0131m\u0131 piste geri d\u00f6nd\u00fcrmek i\u00e7in harika bir i\u015f \u00e7\u0131kard\u0131. Bu, \u00e7aylak klasman\u0131nda daha fazla puan toplamam\u0131 ve bu \u015fampiyonlu\u011fu garantilememi sa\u011flad\u0131. Bu, benim i\u00e7in harika ge\u00e7en ilk DTM sezonunu tamaml\u0131yor. \u00c7ok mutluyum.&#8221;<\/p>\n\n\n\n<p><strong>Sonu\u00e7 Yar\u0131\u015f\u0131 15:<\/strong><br>1. Thomas Preining (AUT), Manthey EMA, Porsche #91, 32 tur<br>2. Ricardo Feller (CHE), Land Motorsport, Audi #29, +16.899 saniye<br>3. Morris Schuring (NLD), Manthey Junior Team, Porsche #92, +17.009 saniye<br>5. Ayhancan G\u00fcven (TUR), Manthey EMA, Porsche 911 GT3 R #90, +22.522 saniye<\/p>\n\n\n\n<p><strong>Yar\u0131\u015f 16 Sonu\u00e7:<\/strong><br>1. Ayhancan G\u00fcven (TUR), Manthey EMA, Porsche 911 GT3 R #90, 33 tur<br>2. Marco Wittmann (GER), Schubert Motorsport BMW #11, +0.169 saniye<br>3. Maro Engel (ALM), Winward Racing, Mercedes #24, +1.394 saniye<br>6. Thomas Preining (AUT), Manthey EMA, Porsche #91, +7.124 saniye<br>14. Morris Schuring (NLD), Manthey Junior Team, Porsche #92, +15.670 saniye<\/p>\n\n\n\n<p><strong>16 yar\u0131\u015f\u0131n 16&#8217;s\u0131 sonunda s\u00fcr\u00fcc\u00fc s\u0131ralamas\u0131:<\/strong><br>1. Ayhancan G\u00fcven (TUR), Manthey EMA, Porsche, 192 puan<br>2. Lucas Auer (AUT), Team Landgraf, Mercedes-AMG, 188 puan<br>3. Maro Engel (GER), Winward Racing, Mercedes-AMG, 184 puan<br>4. Thomas Preining (AUT), Manthey EMA, Porsche, 182 puan<br>16. Morris Schuring (NLD), Manthey Junior Team, Porsche, 58 puan<\/p>\n\n\n\n<p><strong>16 yar\u0131\u015f\u0131n 16&#8217;s\u0131ndan sonra tak\u0131m s\u0131ralamas\u0131:<\/strong><br>1. Manthey (Porsche), 392 puan<br>2. Schubert Motorsport (BMW), 330 puan<br>3. Winward Racing (Mercedes-AMG), 319 puan<\/p>\n\n\n\n<p><strong>16 yar\u0131\u015f\u0131n 16&#8217;s\u0131ndan sonra \u00fcretici s\u0131ralamas\u0131:<\/strong><br>1. Mercedes-AMG, 418 puan<br>2. Porsche, 406 puan<br>3. BMW M, 448 puan<\/p>\n\n\n\n<p>T\u00fcm sonu\u00e7lar:&nbsp;<a href=\"https:\/\/www.dtm.com\/en\/standings?season=2025\" target=\"_blank\" rel=\"noreferrer noopener\">www.dtm.com<\/a><\/p>\n","protected":false},"excerpt":{"rendered":"<p>Ayhancan G\u00fcven, Hockenheimring\u2019de tarihi bir zaferle DTM 2025 \u015fampiyonu oldu. Porsche ve Manthey EMA, tak\u0131mlar klasman\u0131nda da zirvede yer ald\u0131.<\/p>\n","protected":false},"author":2,"featured_media":3162,"comment_status":"open","ping_status":"open","sticky":false,"template":"","format":"standard","meta":{"footnotes":""},"categories":[14,3,1,5,2,8],"tags":[],"class_list":["post-3155","post","type-post","status-publish","format-standard","has-post-thumbnail","hentry","category-dunya","category-dunyadasporcularimiz","category-genel","category-haberler","category-pist","category-sonhaberler"],"magazineBlocksPostFeaturedMedia":{"thumbnail":"https:\/\/torkspor.com\/wp-content\/uploads\/2025\/10\/325952_1920x1280-150x150.jpg","medium":"https:\/\/torkspor.com\/wp-content\/uploads\/2025\/10\/325952_1920x1280-300x169.jpg","medium_large":"https:\/\/torkspor.com\/wp-content\/uploads\/2025\/10\/325952_1920x1280-768x432.jpg","large":"https:\/\/torkspor.com\/wp-content\/uploads\/2025\/10\/325952_1920x1280-1024x576.jpg","1536x1536":"https:\/\/torkspor.com\/wp-content\/uploads\/2025\/10\/325952_1920x1280-1536x864.jpg","2048x2048":"https:\/\/torkspor.com\/wp-content\/uploads\/2025\/10\/325952_1920x1280.jpg","colormag-highlighted-post":"https:\/\/torkspor.com\/wp-content\/uploads\/2025\/10\/325952_1920x1280-392x272.jpg","colormag-featured-post-medium":"https:\/\/torkspor.com\/wp-content\/uploads\/2025\/10\/325952_1920x1280-390x205.jpg","colormag-featured-post-small":"https:\/\/torkspor.com\/wp-content\/uploads\/2025\/10\/325952_1920x1280-130x90.jpg","colormag-featured-image":"https:\/\/torkspor.com\/wp-content\/uploads\/2025\/10\/325952_1920x1280-800x445.jpg","colormag-default-news":"https:\/\/torkspor.com\/wp-content\/uploads\/2025\/10\/325952_1920x1280-150x150.jpg","colormag-featured-image-large":"https:\/\/torkspor.com\/wp-content\/uploads\/2025\/10\/325952_1920x1280-1400x600.jpg","colormag-elementor-block-extra-large-thumbnail":"https:\/\/torkspor.com\/wp-content\/uploads\/2025\/10\/325952_1920x1280-1155x480.jpg","colormag-elementor-grid-large-thumbnail":"https:\/\/torkspor.com\/wp-content\/uploads\/2025\/10\/325952_1920x1280-600x417.jpg","colormag-elementor-grid-small-thumbnail":"https:\/\/torkspor.com\/wp-content\/uploads\/2025\/10\/325952_1920x1280-285x450.jpg","colormag-elementor-grid-medium-large-thumbnail":"https:\/\/torkspor.com\/wp-content\/uploads\/2025\/10\/325952_1920x1280-575x198.jpg"},"magazineBlocksPostAuthor":{"name":"Okan \u00c7etiner","avatar":"https:\/\/secure.gravatar.com\/avatar\/0b8d387b873c3962ae491deaf4b94a08a9b0dbc2778155c139691933252f8856?s=96&d=mm&r=g"},"magazineBlocksPostCommentsNumber":"0","magazineBlocksPostExcerpt":"Ayhancan G\u00fcven, Hockenheimring\u2019de tarihi bir zaferle DTM 2025 \u015fampiyonu oldu. Porsche ve Manthey EMA, tak\u0131mlar klasman\u0131nda da zirvede yer ald\u0131.\n","magazineBlocksPostCategories":["D\u00fcnya","D\u00fcnyada Sporcular\u0131m\u0131z","Genel","Haberler","Pist","Son Haberler"],"magazine_blocks_featured_image_url":{"full":["https:\/\/torkspor.com\/wp-content\/uploads\/2025\/10\/325952_1920x1280.jpg",1920,1080,false],"medium":["https:\/\/torkspor.com\/wp-content\/uploads\/2025\/10\/325952_1920x1280-300x169.jpg",300,169,true],"thumbnail":["https:\/\/torkspor.com\/wp-content\/uploads\/2025\/10\/325952_1920x1280-150x150.jpg",150,150,true]},"magazine_blocks_author":{"display_name":"Okan \u00c7etiner","author_link":"https:\/\/torkspor.com\/?author=2"},"magazine_blocks_comment":9,"magazine_blocks_author_image":"https:\/\/secure.gravatar.com\/avatar\/0b8d387b873c3962ae491deaf4b94a08a9b0dbc2778155c139691933252f8856?s=96&d=mm&r=g","magazine_blocks_category":"<a href=\"https:\/\/torkspor.com\/?cat=14\" rel=\"category\">D\u00fcnya<\/a> <a href=\"https:\/\/torkspor.com\/?cat=3\" rel=\"category\">D\u00fcnyada Sporcular\u0131m\u0131z<\/a> <a href=\"https:\/\/torkspor.com\/?cat=1\" rel=\"category\">Genel<\/a> <a href=\"https:\/\/torkspor.com\/?cat=5\" rel=\"category\">Haberler<\/a> <a href=\"https:\/\/torkspor.com\/?cat=2\" rel=\"category\">Pist<\/a> <a href=\"https:\/\/torkspor.com\/?cat=8\" rel=\"category\">Son Haberler<\/a>","_links":{"self":[{"href":"https:\/\/torkspor.com\/index.php?rest_route=\/wp\/v2\/posts\/3155","targetHints":{"allow":["GET"]}}],"collection":[{"href":"https:\/\/torkspor.com\/index.php?rest_route=\/wp\/v2\/posts"}],"about":[{"href":"https:\/\/torkspor.com\/index.php?rest_route=\/wp\/v2\/types\/post"}],"author":[{"embeddable":true,"href":"https:\/\/torkspor.com\/index.php?rest_route=\/wp\/v2\/users\/2"}],"replies":[{"embeddable":true,"href":"https:\/\/torkspor.com\/index.php?rest_route=%2Fwp%2Fv2%2Fcomments&post=3155"}],"version-history":[{"count":1,"href":"https:\/\/torkspor.com\/index.php?rest_route=\/wp\/v2\/posts\/3155\/revisions"}],"predecessor-version":[{"id":3163,"href":"https:\/\/torkspor.com\/index.php?rest_route=\/wp\/v2\/posts\/3155\/revisions\/3163"}],"wp:featuredmedia":[{"embeddable":true,"href":"https:\/\/torkspor.com\/index.php?rest_route=\/wp\/v2\/media\/3162"}],"wp:attachment":[{"href":"https:\/\/torkspor.com\/index.php?rest_route=%2Fwp%2Fv2%2Fmedia&parent=3155"}],"wp:term":[{"taxonomy":"category","embeddable":true,"href":"https:\/\/torkspor.com\/index.php?rest_route=%2Fwp%2Fv2%2Fcategories&post=3155"},{"taxonomy":"post_tag","embeddable":true,"href":"https:\/\/torkspor.com\/index.php?rest_route=%2Fwp%2Fv2%2Ftags&post=3155"}],"curies":[{"name":"wp","href":"https:\/\/api.w.org\/{rel}","templated":true}]}}