{"id":3192,"date":"2025-10-16T21:10:39","date_gmt":"2025-10-16T18:10:39","guid":{"rendered":"https:\/\/torkspor.com\/?p=3192"},"modified":"2025-10-16T21:24:10","modified_gmt":"2025-10-16T18:24:10","slug":"menemende-toz-duman-2025-izmir-otokros-kupasi-rekor-katilimla-suruyor","status":"publish","type":"post","link":"https:\/\/torkspor.com\/?p=3192","title":{"rendered":"Menemen\u2019de Toz Duman: &#8220;2025 \u0130zmir Otokros Kupas\u0131 Rekor Kat\u0131l\u0131mla S\u00fcr\u00fcyor\u201d"},"content":{"rendered":"\n<figure class=\"wp-block-image\"><a href=\"https:\/\/www.tosfed.org.tr\/wp-content\/uploads\/2025\/10\/MenemenOtokros2025-002-1024x682.jpg\"><img decoding=\"async\" src=\"https:\/\/www.tosfed.org.tr\/wp-content\/uploads\/2025\/10\/MenemenOtokros2025-002-800x430.jpg\" alt=\"\"\/><\/a><\/figure>\n\n\n\n<p>Motor sporlar\u0131 tutkunlar\u0131 i\u00e7in nefes kesen bir hafta sonu geliyor: <strong>2025 \u0130zmir Otokros Kupas\u0131<\/strong>, 18\u201319 Ekim tarihlerinde Menemen Seyrek Otokros Parkuru\u2019nda ger\u00e7ekle\u015ftirilecek. \u0130zmir Otomobil Sporlar\u0131 Kul\u00fcb\u00fc (\u0130OSK) organizasyonuyla, Ege Asal Metal sponsorlu\u011funda, Menemen Belediyesi\u2019nin g\u00fc\u00e7l\u00fc deste\u011fiyle hayata ge\u00e7irilen yar\u0131\u015flar, k\u0131sa s\u00fcrede ad\u0131ndan s\u00f6z ettirecek bir etkinli\u011fe d\u00f6n\u00fc\u015f\u00fcyor.<\/p>\n\n\n\n<figure class=\"wp-block-image size-full\"><img fetchpriority=\"high\" decoding=\"async\" width=\"1024\" height=\"682\" src=\"https:\/\/torkspor.com\/wp-content\/uploads\/2025\/10\/Panaztepe-Otokros-2022-1024x682-1.jpg\" alt=\"\" class=\"wp-image-3193\" srcset=\"https:\/\/torkspor.com\/wp-content\/uploads\/2025\/10\/Panaztepe-Otokros-2022-1024x682-1.jpg 1024w, https:\/\/torkspor.com\/wp-content\/uploads\/2025\/10\/Panaztepe-Otokros-2022-1024x682-1-300x200.jpg 300w, https:\/\/torkspor.com\/wp-content\/uploads\/2025\/10\/Panaztepe-Otokros-2022-1024x682-1-768x512.jpg 768w\" sizes=\"(max-width: 1024px) 100vw, 1024px\" \/><\/figure>\n\n\n\n<p>Bu y\u0131l <strong>rekor ba\u015fvuru say\u0131s\u0131yla dikkat \u00e7ekiyor<\/strong>; otomobil sporu camias\u0131ndan \u00e7ok say\u0131da sporcu s\u0131n\u0131r kap\u0131lar\u0131n\u0131 zorlayarak \u0130zmir\u2019e ak\u0131n ediyor. Toprak zemine sahip 830 metrelik k\u0131vr\u0131ml\u0131 parkurda, s\u00fcr\u00fc\u015f becerisi, strateji ve dayan\u0131kl\u0131l\u0131k bu kez daha b\u00fcy\u00fck bir rekabetle test edilecek.<\/p>\n\n\n\n<figure class=\"wp-block-image size-full\"><img decoding=\"async\" width=\"780\" height=\"520\" src=\"https:\/\/torkspor.com\/wp-content\/uploads\/2025\/10\/izmir-otokros-2.jpg\" alt=\"\" class=\"wp-image-3194\" srcset=\"https:\/\/torkspor.com\/wp-content\/uploads\/2025\/10\/izmir-otokros-2.jpg 780w, https:\/\/torkspor.com\/wp-content\/uploads\/2025\/10\/izmir-otokros-2-300x200.jpg 300w, https:\/\/torkspor.com\/wp-content\/uploads\/2025\/10\/izmir-otokros-2-768x512.jpg 768w\" sizes=\"(max-width: 780px) 100vw, 780px\" \/><\/figure>\n\n\n\n<p>Yar\u0131\u015f program\u0131 her iki g\u00fcn de \u015f\u00f6yle i\u015fleyecek:<\/p>\n\n\n\n<ul class=\"wp-block-list\">\n<li><strong>11:00<\/strong> \u2013 Antrenman turlar\u0131<\/li>\n\n\n\n<li><strong>12:00<\/strong> \u2013 S\u0131ralama turlar\u0131<\/li>\n\n\n\n<li><strong>14:00 \u2013 15:45<\/strong> \u2013 As\u0131l yar\u0131\u015flar (5 tur \u00fczerinden)<\/li>\n<\/ul>\n\n\n\n<p>\u0130OSK Ba\u015fkan\u0131 Mithat Diker, \u201cMenemen Belediyesi ile birlikte otomobil sporlar\u0131na ilgi duyan herkese adrenalin dolu, unutulmaz bir hafta sonu ya\u015fatmak istiyoruz\u201d diyerek \u0130zmirli sporseverleri pist ba\u015f\u0131na \u00e7a\u011f\u0131rd\u0131.<\/p>\n\n\n\n<figure class=\"wp-block-gallery has-nested-images columns-default is-cropped wp-block-gallery-1 is-layout-flex wp-block-gallery-is-layout-flex\">\n<figure class=\"wp-block-image size-large\"><img decoding=\"async\" width=\"360\" height=\"240\" data-id=\"3196\" src=\"https:\/\/torkspor.com\/wp-content\/uploads\/2025\/10\/005-360x240-2.png\" alt=\"\" class=\"wp-image-3196\" srcset=\"https:\/\/torkspor.com\/wp-content\/uploads\/2025\/10\/005-360x240-2.png 360w, https:\/\/torkspor.com\/wp-content\/uploads\/2025\/10\/005-360x240-2-300x200.png 300w\" sizes=\"(max-width: 360px) 100vw, 360px\" \/><\/figure>\n\n\n\n<figure class=\"wp-block-image size-large\"><img loading=\"lazy\" decoding=\"async\" width=\"1024\" height=\"683\" data-id=\"3197\" src=\"https:\/\/torkspor.com\/wp-content\/uploads\/2025\/10\/izmir-otokros-3-1024x683.jpg\" alt=\"\" class=\"wp-image-3197\" srcset=\"https:\/\/torkspor.com\/wp-content\/uploads\/2025\/10\/izmir-otokros-3-1024x683.jpg 1024w, https:\/\/torkspor.com\/wp-content\/uploads\/2025\/10\/izmir-otokros-3-300x200.jpg 300w, https:\/\/torkspor.com\/wp-content\/uploads\/2025\/10\/izmir-otokros-3-768x512.jpg 768w, https:\/\/torkspor.com\/wp-content\/uploads\/2025\/10\/izmir-otokros-3.jpg 1200w\" sizes=\"(max-width: 1024px) 100vw, 1024px\" \/><\/figure>\n<\/figure>\n\n\n\n<p>Bu organizasyon sadece yerel pilotlar\u0131 de\u011fil; ge\u00e7mi\u015f y\u0131llarda \u0130zmir ve Ege b\u00f6lgesinde d\u00fczenlenen otokros yar\u0131\u015flar\u0131n\u0131n co\u015fkusunu bilen t\u00fcm motorseverleri sahneye davet ediyor. \u00d6rne\u011fin, 2018\u2019de \u0130zmir Kupas\u0131\u2019n\u0131n \u00fc\u00e7\u00fcnc\u00fc aya\u011f\u0131 Menderes\u2019te yo\u011fun ya\u011f\u0131\u015f\u0131n etkili oldu\u011fu sert zeminlerde yap\u0131ld\u0131 ve yar\u0131\u015flarda toz, ya\u011fmur, zorluk hi\u00e7 eksik olmad\u0131. <a href=\"https:\/\/www.tosfed.org.tr\/aksiyon-dolu-otokros-nefes-kesti\/?utm_source=chatgpt.com\" target=\"_blank\" rel=\"noreferrer noopener\">TOSFED<\/a><\/p>\n\n\n\n<p>Menemen\u2019deki bu organizasyon, sporseverlere motor sesleri, toz bulutlar\u0131 ve k\u0131yas\u0131ya rekabetin birle\u015fti\u011fi bir g\u00f6rsel-i\u015fitsel \u015f\u00f6len sunacak. Hem yar\u0131\u015f\u0131n heyecan\u0131n\u0131 ya\u015famak isteyenler hem de m\u00fccadelede isimleriyle yer almak isteyenler i\u00e7in bu hafta sonu ka\u00e7\u0131r\u0131lmaz olacak.<\/p>\n\n\n\n<h3 class=\"wp-block-heading\"><strong>Rekor Kat\u0131l\u0131mc\u0131lar \u2013 2025 \u0130zmir Otokros Kupas\u0131 (Menemen Seyrek Parkuru)<\/strong><\/h3>\n\n\n\n<figure class=\"wp-block-table\"><table class=\"has-fixed-layout\"><thead><tr><th>No<\/th><th>Pilot Ad\u0131<\/th><th>Otomobil<\/th><th>Kategori<\/th><th>Not<\/th><\/tr><\/thead><tbody><tr><td>1<\/td><td>Ate\u015f \u00d6zmen<\/td><td>Fiat Palio<\/td><td>K1<\/td><td>M<\/td><\/tr><tr><td>2<\/td><td>\u00d6zg\u00fcl G\u00fclc\u00fc<\/td><td>Fiat Palio 1.6 HL RSTY<\/td><td>K1<\/td><td>M + K<\/td><\/tr><tr><td>3<\/td><td>Faruk Say\u0131n<\/td><td>Fiat Palio<\/td><td>K1<\/td><td>M<\/td><\/tr><tr><td>4<\/td><td>Tuncay Bayraktar<\/td><td>Fiat Palio<\/td><td>K1<\/td><td>M<\/td><\/tr><tr><td>5<\/td><td>Erdal Oral<\/td><td>Fiat Palio<\/td><td>K1<\/td><td>M<\/td><\/tr><tr><td>6<\/td><td>M\u00fcnibe \u00d6zlem Sapans\u00fcren<\/td><td>Fiat Palio<\/td><td>K1<\/td><td>M + K<\/td><\/tr><tr><td>7<\/td><td>Berat Y\u0131ld\u0131r\u0131m<\/td><td>Fiat Palio<\/td><td>K1<\/td><td>M<\/td><\/tr><tr><td>8<\/td><td>\u00d6zg\u00fcr Kanl\u0131<\/td><td>Fiat Palio<\/td><td>K1<\/td><td>M<\/td><\/tr><tr><td>9<\/td><td>Bekir Kuvvet Erim<\/td><td>Fiat Palio 1.6 HL<\/td><td>K1<\/td><td>M<\/td><\/tr><tr><td>10<\/td><td>Erkan Kotan<\/td><td>Ford Fiesta R1<\/td><td>K1<\/td><td>M<\/td><\/tr><tr><td>11<\/td><td>Candan Erim<\/td><td>Fiat Palio 1.6 HL<\/td><td>K1<\/td><td>M + K<\/td><\/tr><tr><td>12<\/td><td>Kaan Yudulmaz<\/td><td>Ford Fiesta<\/td><td>K1<\/td><td>M<\/td><\/tr><tr><td>13<\/td><td>Hassania Akta\u015f<\/td><td>Fiat Palio<\/td><td>K1<\/td><td>M + K<\/td><\/tr><tr><td>14<\/td><td>Onur Sin\u0131rdere<\/td><td>Fiat Palio<\/td><td>K1<\/td><td>M<\/td><\/tr><tr><td>15<\/td><td>Yasemin Erikli<\/td><td>Citro\u00ebn Saxo<\/td><td>K2<\/td><td>M + K<\/td><\/tr><tr><td>16<\/td><td>\u0130brahim Y\u0131lmaz<\/td><td>Ford Fiesta R1<\/td><td>K2<\/td><td>M<\/td><\/tr><tr><td>17<\/td><td>Hilal Olgun<\/td><td>Fiat Palio 1.6 16V Sporting<\/td><td>K2<\/td><td>M + K<\/td><\/tr><tr><td>18<\/td><td>Cem Yudulmaz<\/td><td>Opel Corsa GSI<\/td><td>K2<\/td><td>M<\/td><\/tr><tr><td>19<\/td><td>Mitat Diker<\/td><td>Fiat Palio Kit Car<\/td><td>K2<\/td><td>M<\/td><\/tr><tr><td>20<\/td><td>Faruk Say\u0131n<\/td><td>Ford Fiesta R1<\/td><td>K2<\/td><td>M<\/td><\/tr><tr><td>21<\/td><td>Kubilay Ersin T\u00fcrkmen (GMG Racing Rally Team)<\/td><td>Fiat Egea<\/td><td>K3<\/td><td>M<\/td><\/tr><tr><td>22<\/td><td>Utku Adsan (GMG Racing Rally Team)<\/td><td>Fiat Egea<\/td><td>K3<\/td><td>M<\/td><\/tr><tr><td>23<\/td><td>Mitat Diker<\/td><td>Ford Escort Racing<\/td><td>K3<\/td><td>M<\/td><\/tr><tr><td>24<\/td><td>Hakan Akman (GMG Racing Rally Team)<\/td><td>Subaru Impreza<\/td><td>K4<\/td><td>M<\/td><\/tr><tr><td>25<\/td><td>Deniz K\u00fcbra Ulusoy<\/td><td>Honda Type R<\/td><td>K4<\/td><td>M + K<\/td><\/tr><tr><td>26<\/td><td>Ha\u015fim \u015eahin \u00c7al\u0131\u015fkan<\/td><td>Honda Type R<\/td><td>K4<\/td><td>M<\/td><\/tr><tr><td>27<\/td><td>Mert Yudulmaz<\/td><td>Ford Fiesta<\/td><td>K4<\/td><td>M<\/td><\/tr><tr><td>28<\/td><td>G\u00fcrol Baranl\u0131 (GMG Racing Rally Team)<\/td><td>Subaru Impreza STI<\/td><td>K4<\/td><td>M<\/td><\/tr><tr><td>29<\/td><td>Eren Alver<\/td><td>BRP Can-Am Maverick<\/td><td>K5<\/td><td>M<\/td><\/tr><\/tbody><\/table><\/figure>\n\n\n\n<h3 class=\"wp-block-heading\"><strong>Menemen\u2019de Seyirciye \u00d6zel Heyecan<\/strong><\/h3>\n\n\n\n<p>Bu y\u0131l Seyrek parkurunda seyirci alanlar\u0131 da geni\u015fletildi. Organizasyon boyunca yar\u0131\u015fseverler, hem servis alan\u0131nda pilotlarla bir araya gelebilecek hem de parkurun panoramik noktalar\u0131ndan yar\u0131\u015flar\u0131 izleme \u015fans\u0131 bulacak.<\/p>\n\n\n\n<p>\u0130zmir Otokros Kupas\u0131, sadece bir yar\u0131\u015f de\u011fil; \u0130zmir\u2019in spor k\u00fclt\u00fcr\u00fcne katk\u0131 sa\u011flayan, yerel destekle b\u00fcy\u00fcyen bir motorsporu gelene\u011fi haline geliyor.<\/p>\n\n\n\n<hr class=\"wp-block-separator has-alpha-channel-opacity\"\/>\n\n\n\n<p>\ud83d\udccd <strong>Organizasyon:<\/strong> \u0130zmir Otomobil Sporlar\u0131 Kul\u00fcb\u00fc (\u0130OSK)<br>\ud83c\udfce\ufe0f <strong>Sponsor:<\/strong> Ege Asal Metal<br>\ud83c\udfc1 <strong>Destekleyen:<\/strong> Menemen Belediyesi<br>\ud83c\udf99\ufe0f <strong>Haz\u0131rlayan:<\/strong> Tork Spor Yap\u0131m Ekibi<br>\ud83c\udfac <strong>Yay\u0131n:<\/strong> Power TV \u2013 Number One TV \u2013 YouTube \/ Tork Spor<\/p>\n\n\n\n<p><a href=\"https:\/\/www.iosk.org.tr\">https:\/\/www.iosk.org.tr<\/a><\/p>\n\n\n\n<p><a href=\"https:\/\/www.egeasalmotorspor.com\">https:\/\/www.egeasalmotorspor.com<\/a><\/p>\n\n\n\n<p>ralli, pist, otokros<\/p>\n\n\n\n<p><\/p>\n","protected":false},"excerpt":{"rendered":"<p>Motor sporlar\u0131 tutkunlar\u0131 i\u00e7in nefes kesen bir hafta sonu geliyor: 2025 \u0130zmir Otokros Kupas\u0131, 18\u201319 Ekim tarihlerinde Menemen Seyrek Otokros<\/p>\n","protected":false},"author":2,"featured_media":3194,"comment_status":"open","ping_status":"open","sticky":false,"template":"","format":"standard","meta":{"footnotes":""},"categories":[1,5,2],"tags":[],"class_list":["post-3192","post","type-post","status-publish","format-standard","has-post-thumbnail","hentry","category-genel","category-haberler","category-pist"],"magazineBlocksPostFeaturedMedia":{"thumbnail":"https:\/\/torkspor.com\/wp-content\/uploads\/2025\/10\/izmir-otokros-2-150x150.jpg","medium":"https:\/\/torkspor.com\/wp-content\/uploads\/2025\/10\/izmir-otokros-2-300x200.jpg","medium_large":"https:\/\/torkspor.com\/wp-content\/uploads\/2025\/10\/izmir-otokros-2-768x512.jpg","large":"https:\/\/torkspor.com\/wp-content\/uploads\/2025\/10\/izmir-otokros-2.jpg","1536x1536":"https:\/\/torkspor.com\/wp-content\/uploads\/2025\/10\/izmir-otokros-2.jpg","2048x2048":"https:\/\/torkspor.com\/wp-content\/uploads\/2025\/10\/izmir-otokros-2.jpg","colormag-highlighted-post":"https:\/\/torkspor.com\/wp-content\/uploads\/2025\/10\/izmir-otokros-2-392x272.jpg","colormag-featured-post-medium":"https:\/\/torkspor.com\/wp-content\/uploads\/2025\/10\/izmir-otokros-2-390x205.jpg","colormag-featured-post-small":"https:\/\/torkspor.com\/wp-content\/uploads\/2025\/10\/izmir-otokros-2-130x90.jpg","colormag-featured-image":"https:\/\/torkspor.com\/wp-content\/uploads\/2025\/10\/izmir-otokros-2-780x445.jpg","colormag-default-news":"https:\/\/torkspor.com\/wp-content\/uploads\/2025\/10\/izmir-otokros-2-150x150.jpg","colormag-featured-image-large":"https:\/\/torkspor.com\/wp-content\/uploads\/2025\/10\/izmir-otokros-2.jpg","colormag-elementor-block-extra-large-thumbnail":"https:\/\/torkspor.com\/wp-content\/uploads\/2025\/10\/izmir-otokros-2-780x480.jpg","colormag-elementor-grid-large-thumbnail":"https:\/\/torkspor.com\/wp-content\/uploads\/2025\/10\/izmir-otokros-2-600x417.jpg","colormag-elementor-grid-small-thumbnail":"https:\/\/torkspor.com\/wp-content\/uploads\/2025\/10\/izmir-otokros-2-285x450.jpg","colormag-elementor-grid-medium-large-thumbnail":"https:\/\/torkspor.com\/wp-content\/uploads\/2025\/10\/izmir-otokros-2-575x198.jpg"},"magazineBlocksPostAuthor":{"name":"Okan \u00c7etiner","avatar":"https:\/\/secure.gravatar.com\/avatar\/0b8d387b873c3962ae491deaf4b94a08a9b0dbc2778155c139691933252f8856?s=96&d=mm&r=g"},"magazineBlocksPostCommentsNumber":"0","magazineBlocksPostExcerpt":"Motor sporlar\u0131 tutkunlar\u0131 i\u00e7in nefes kesen bir hafta sonu geliyor: 2025 \u0130zmir Otokros Kupas\u0131, 18\u201319 Ekim tarihlerinde Menemen Seyrek Otokros","magazineBlocksPostCategories":["Genel","Haberler","Pist"],"magazine_blocks_featured_image_url":{"full":["https:\/\/torkspor.com\/wp-content\/uploads\/2025\/10\/izmir-otokros-2.jpg",780,520,false],"medium":["https:\/\/torkspor.com\/wp-content\/uploads\/2025\/10\/izmir-otokros-2-300x200.jpg",300,200,true],"thumbnail":["https:\/\/torkspor.com\/wp-content\/uploads\/2025\/10\/izmir-otokros-2-150x150.jpg",150,150,true]},"magazine_blocks_author":{"display_name":"Okan \u00c7etiner","author_link":"https:\/\/torkspor.com\/?author=2"},"magazine_blocks_comment":3,"magazine_blocks_author_image":"https:\/\/secure.gravatar.com\/avatar\/0b8d387b873c3962ae491deaf4b94a08a9b0dbc2778155c139691933252f8856?s=96&d=mm&r=g","magazine_blocks_category":"<a href=\"https:\/\/torkspor.com\/?cat=1\" rel=\"category\">Genel<\/a> <a href=\"https:\/\/torkspor.com\/?cat=5\" rel=\"category\">Haberler<\/a> <a href=\"https:\/\/torkspor.com\/?cat=2\" rel=\"category\">Pist<\/a>","_links":{"self":[{"href":"https:\/\/torkspor.com\/index.php?rest_route=\/wp\/v2\/posts\/3192","targetHints":{"allow":["GET"]}}],"collection":[{"href":"https:\/\/torkspor.com\/index.php?rest_route=\/wp\/v2\/posts"}],"about":[{"href":"https:\/\/torkspor.com\/index.php?rest_route=\/wp\/v2\/types\/post"}],"author":[{"embeddable":true,"href":"https:\/\/torkspor.com\/index.php?rest_route=\/wp\/v2\/users\/2"}],"replies":[{"embeddable":true,"href":"https:\/\/torkspor.com\/index.php?rest_route=%2Fwp%2Fv2%2Fcomments&post=3192"}],"version-history":[{"count":2,"href":"https:\/\/torkspor.com\/index.php?rest_route=\/wp\/v2\/posts\/3192\/revisions"}],"predecessor-version":[{"id":3200,"href":"https:\/\/torkspor.com\/index.php?rest_route=\/wp\/v2\/posts\/3192\/revisions\/3200"}],"wp:featuredmedia":[{"embeddable":true,"href":"https:\/\/torkspor.com\/index.php?rest_route=\/wp\/v2\/media\/3194"}],"wp:attachment":[{"href":"https:\/\/torkspor.com\/index.php?rest_route=%2Fwp%2Fv2%2Fmedia&parent=3192"}],"wp:term":[{"taxonomy":"category","embeddable":true,"href":"https:\/\/torkspor.com\/index.php?rest_route=%2Fwp%2Fv2%2Fcategories&post=3192"},{"taxonomy":"post_tag","embeddable":true,"href":"https:\/\/torkspor.com\/index.php?rest_route=%2Fwp%2Fv2%2Ftags&post=3192"}],"curies":[{"name":"wp","href":"https:\/\/api.w.org\/{rel}","templated":true}]}}