{"id":3202,"date":"2025-10-23T22:28:38","date_gmt":"2025-10-23T19:28:38","guid":{"rendered":"https:\/\/torkspor.com\/?p=3202"},"modified":"2025-10-24T12:11:18","modified_gmt":"2025-10-24T09:11:18","slug":"menemen-otokros-tozla-basladi-yagmurla-bitti","status":"publish","type":"post","link":"https:\/\/torkspor.com\/?p=3202","title":{"rendered":"Menemen Otokros: Tozla Ba\u015flad\u0131, Ya\u011fmurla Bitti!"},"content":{"rendered":"\n<h4 class=\"wp-block-heading\"><strong>Ege\u2019nin kalbi bu kez Menemen\u2019de att\u0131\u2026<br>\u0130zmir Otomobil Sporlar\u0131 Kul\u00fcb\u00fc\u2019n\u00fcn (\u0130OSK) d\u00fczenledi\u011fi, Ege Asal Metal sponsorlu\u011fundaki Menemen Otokros Yar\u0131\u015flar\u0131, 18\u201319 Ekim 2025 tarihlerinde Seyrek Otokros Parkuru\u2019nda h\u0131z tutkunlar\u0131n\u0131 bulu\u015fturdu.<br>\u0130lk g\u00fcn toz bulutlar\u0131yla, ikinci g\u00fcn ya\u011fmurla hat\u0131rlanacak bir hafta sonuydu.<\/strong><\/h4>\n\n\n\n<figure class=\"wp-block-image size-large\"><img fetchpriority=\"high\" decoding=\"async\" width=\"1024\" height=\"683\" src=\"https:\/\/torkspor.com\/wp-content\/uploads\/2025\/10\/kapak-kopya-1024x683.jpg\" alt=\"\" class=\"wp-image-3203\" srcset=\"https:\/\/torkspor.com\/wp-content\/uploads\/2025\/10\/kapak-kopya-1024x683.jpg 1024w, https:\/\/torkspor.com\/wp-content\/uploads\/2025\/10\/kapak-kopya-300x200.jpg 300w, https:\/\/torkspor.com\/wp-content\/uploads\/2025\/10\/kapak-kopya-768x512.jpg 768w, https:\/\/torkspor.com\/wp-content\/uploads\/2025\/10\/kapak-kopya.jpg 1536w\" sizes=\"(max-width: 1024px) 100vw, 1024px\" \/><\/figure>\n\n\n\n<p>Cumartesi sabah\u0131 startla birlikte toprak pist canland\u0131.<br>Be\u015f kategoride toplam 29 sporcu, hem zamana hem de zemine kar\u015f\u0131 b\u00fcy\u00fck bir sava\u015f verdi.<br>Seyirciler trib\u00fcnlerde nefesini tutarken, motor sesleri Menemen\u2019in tepelerinde yank\u0131land\u0131.<\/p>\n\n\n\n<figure class=\"wp-block-image size-large\"><img decoding=\"async\" width=\"1024\" height=\"683\" src=\"https:\/\/torkspor.com\/wp-content\/uploads\/2025\/10\/01-Erkan-Kotan-2-1024x683.jpg\" alt=\"\" class=\"wp-image-3208\" srcset=\"https:\/\/torkspor.com\/wp-content\/uploads\/2025\/10\/01-Erkan-Kotan-2-1024x683.jpg 1024w, https:\/\/torkspor.com\/wp-content\/uploads\/2025\/10\/01-Erkan-Kotan-2-300x200.jpg 300w, https:\/\/torkspor.com\/wp-content\/uploads\/2025\/10\/01-Erkan-Kotan-2-768x512.jpg 768w, https:\/\/torkspor.com\/wp-content\/uploads\/2025\/10\/01-Erkan-Kotan-2.jpg 1440w\" sizes=\"(max-width: 1024px) 100vw, 1024px\" \/><\/figure>\n\n\n\n<p><strong>Kategori 1<\/strong>\u2019de sahneye <strong>Erkan Kotan<\/strong> \u00e7\u0131kt\u0131.<br>Ford Fiesta R1\u2019iyle toz bulutlar\u0131n\u0131n i\u00e7inden kusursuz bir tempo yakalad\u0131.<br>Zemindeki her kaymay\u0131 ustal\u0131kla kontrol etti, viraj \u00e7\u0131k\u0131\u015flar\u0131nda \u00e7izgiyi hi\u00e7 bozmad\u0131.<br>Ve <strong>03:50.90<\/strong>\u2019l\u0131k derecesiyle zirveye \u00e7\u0131kt\u0131!<br><strong>Erkan Kotan<\/strong>, Menemen\u2019in ilk g\u00fcn galibi oldu.<\/p>\n\n\n\n<p><strong>Onur S\u0131n\u0131rdere<\/strong>, tempolu s\u00fcr\u00fc\u015f\u00fcyle Kotan\u2019\u0131 en \u00e7ok zorlayan isimdi.<br>H\u0131zl\u0131 ama kontroll\u00fc \u00e7izgisiyle ikinci s\u0131ray\u0131 ald\u0131.<br><strong>Onur S\u0131n\u0131rdere<\/strong>, istikrarl\u0131 performans\u0131yla dikkat \u00e7ekti.<\/p>\n\n\n\n<p>Gen\u00e7 pilot <strong>Berat Y\u0131ld\u0131r\u0131m<\/strong>, s\u00fcr\u00fc\u015f\u00fcnde cesur bir karakter sergiledi.<br>Kaygan zemine ra\u011fmen tempoyu d\u00fc\u015f\u00fcrmedi.<br><strong>Berat Y\u0131ld\u0131r\u0131m<\/strong>, g\u00fcn\u00fc \u00fc\u00e7\u00fcnc\u00fc s\u0131rada tamamlad\u0131.<\/p>\n\n\n\n<figure class=\"wp-block-image size-large\"><img decoding=\"async\" width=\"1024\" height=\"683\" src=\"https:\/\/torkspor.com\/wp-content\/uploads\/2025\/10\/02-Ibrahim-Yilmaz-kopya-2-1024x683.jpg\" alt=\"\" class=\"wp-image-3209\" srcset=\"https:\/\/torkspor.com\/wp-content\/uploads\/2025\/10\/02-Ibrahim-Yilmaz-kopya-2-1024x683.jpg 1024w, https:\/\/torkspor.com\/wp-content\/uploads\/2025\/10\/02-Ibrahim-Yilmaz-kopya-2-300x200.jpg 300w, https:\/\/torkspor.com\/wp-content\/uploads\/2025\/10\/02-Ibrahim-Yilmaz-kopya-2-768x512.jpg 768w, https:\/\/torkspor.com\/wp-content\/uploads\/2025\/10\/02-Ibrahim-Yilmaz-kopya-2.jpg 1440w\" sizes=\"(max-width: 1024px) 100vw, 1024px\" \/><\/figure>\n\n\n\n<p><strong>Kategori 2<\/strong>, adeta nefesleri kesti.<br>Ford Fiesta R1 ile piste \u00e7\u0131kan <strong>\u0130brahim Y\u0131lmaz<\/strong>, limitleri zorlad\u0131.<br>Ve sadece <strong>0.06 saniye farkla<\/strong> zafere ula\u015ft\u0131!<br><strong>\u0130brahim Y\u0131lmaz<\/strong>, Menemen\u2019in en ince farkla gelen galibiyetine imza att\u0131.<\/p>\n\n\n\n<p>Yar\u0131\u015f\u0131n b\u00fcy\u00fck k\u0131sm\u0131nda liderli\u011fi elinde tutan <strong>Faruk Say\u0131n<\/strong>, son metrelerde fark\u0131 kapatamad\u0131.<br>Ama \u00e7izgisine sad\u0131k kalan s\u00fcr\u00fc\u015f\u00fcyle ikinci s\u0131ray\u0131 korudu.<br><strong>Faruk Say\u0131n<\/strong>, temposuyla takdir toplad\u0131.<\/p>\n\n\n\n<p>\u00dc\u00e7\u00fcnc\u00fcl\u00fckte <strong>Cem Yudulmaz (Opel Corsa GSI)<\/strong> vard\u0131.<br>Ralli k\u00f6kenli \u00e7izgileri Otokros &#8216;a ta\u015f\u0131yan Yudulmaz, y\u00fcksek tempoda bitirdi.<br><strong>Cem Yudulmaz<\/strong>, podyumun son basama\u011f\u0131nda yer ald\u0131.<\/p>\n\n\n\n<figure class=\"wp-block-image size-large\"><img loading=\"lazy\" decoding=\"async\" width=\"1024\" height=\"683\" src=\"https:\/\/torkspor.com\/wp-content\/uploads\/2025\/10\/03-Kubilay-Ersin-Turkmen-kopya-1024x683.jpg\" alt=\"\" class=\"wp-image-3210\" srcset=\"https:\/\/torkspor.com\/wp-content\/uploads\/2025\/10\/03-Kubilay-Ersin-Turkmen-kopya-1024x683.jpg 1024w, https:\/\/torkspor.com\/wp-content\/uploads\/2025\/10\/03-Kubilay-Ersin-Turkmen-kopya-300x200.jpg 300w, https:\/\/torkspor.com\/wp-content\/uploads\/2025\/10\/03-Kubilay-Ersin-Turkmen-kopya-768x512.jpg 768w, https:\/\/torkspor.com\/wp-content\/uploads\/2025\/10\/03-Kubilay-Ersin-Turkmen-kopya.jpg 1440w\" sizes=\"(max-width: 1024px) 100vw, 1024px\" \/><\/figure>\n\n\n\n<p><strong>Kategori 3<\/strong>\u2019te pistte <strong>GMG Racing Rally Team<\/strong> r\u00fczg\u00e2r\u0131 esti.<br><strong>Kubilay Ersin T\u00fcrkmen<\/strong>, Fiat Egea ile hatas\u0131z bir s\u00fcr\u00fc\u015f sergiledi.<br>03:48.25\u2019lik derecesiyle hem tak\u0131m\u0131 hem trib\u00fcnleri sevince bo\u011fdu.<br><strong>Kubilay T\u00fcrkmen<\/strong>, kategorinin galibi oldu.<\/p>\n\n\n\n<p>Tak\u0131m arkada\u015f\u0131 <strong>Utku Adsan<\/strong>, istikrarl\u0131 temposuyla hemen arkas\u0131ndan geldi.<br><strong>Utku Adsan<\/strong>, tak\u0131m ba\u015far\u0131s\u0131na katk\u0131 veren ikinci isim oldu.<\/p>\n\n\n\n<figure class=\"wp-block-image size-large\"><img loading=\"lazy\" decoding=\"async\" width=\"1024\" height=\"683\" src=\"https:\/\/torkspor.com\/wp-content\/uploads\/2025\/10\/06-Mithat-Diker-kopya-1024x683.jpg\" alt=\"\" class=\"wp-image-3212\" srcset=\"https:\/\/torkspor.com\/wp-content\/uploads\/2025\/10\/06-Mithat-Diker-kopya-1024x683.jpg 1024w, https:\/\/torkspor.com\/wp-content\/uploads\/2025\/10\/06-Mithat-Diker-kopya-300x200.jpg 300w, https:\/\/torkspor.com\/wp-content\/uploads\/2025\/10\/06-Mithat-Diker-kopya-768x512.jpg 768w, https:\/\/torkspor.com\/wp-content\/uploads\/2025\/10\/06-Mithat-Diker-kopya.jpg 1440w\" sizes=\"(max-width: 1024px) 100vw, 1024px\" \/><\/figure>\n\n\n\n<p>Ve deneyimli isim <strong>Mithat Diker parkurlar da 53 y\u0131l\u0131n\u0131 kutlarcas\u0131na gazlamaya devam ediyor. 53 Y\u0131ld\u0131r kesintisiz g\u00fc\u00e7 Mitat Diker. <\/strong>Her y\u0131l direksiyon ba\u015f\u0131nda ve her yar\u0131\u015f rekabetin en \u00fcst\u00fcnde yer almay\u0131 ba\u015far\u0131yor. Diker, iki farkl\u0131 ara\u00e7la iki kategoride birden yar\u0131\u015farak b\u00fcy\u00fck alk\u0131\u015f ald\u0131.<br><strong>Mithat Diker<\/strong>, Menemen\u2019de hem tecr\u00fcbesiyle hem dayan\u0131kl\u0131l\u0131\u011f\u0131yla fark yaratt\u0131.<\/p>\n\n\n\n<figure class=\"wp-block-image size-large\"><img loading=\"lazy\" decoding=\"async\" width=\"1024\" height=\"683\" src=\"https:\/\/torkspor.com\/wp-content\/uploads\/2025\/10\/04-Gural-Baranli-kopya-1024x683.jpg\" alt=\"\" class=\"wp-image-3211\" srcset=\"https:\/\/torkspor.com\/wp-content\/uploads\/2025\/10\/04-Gural-Baranli-kopya-1024x683.jpg 1024w, https:\/\/torkspor.com\/wp-content\/uploads\/2025\/10\/04-Gural-Baranli-kopya-300x200.jpg 300w, https:\/\/torkspor.com\/wp-content\/uploads\/2025\/10\/04-Gural-Baranli-kopya-768x512.jpg 768w, https:\/\/torkspor.com\/wp-content\/uploads\/2025\/10\/04-Gural-Baranli-kopya.jpg 1440w\" sizes=\"(max-width: 1024px) 100vw, 1024px\" \/><\/figure>\n\n\n\n<p><strong>Kategori 4<\/strong>\u2019te g\u00fcn\u00fcn en h\u0131zl\u0131 ismi <strong>G\u00fcrol Baranl\u0131<\/strong> oldu!<br>Subaru Impreza STI ile parkuru <strong>03:24.53<\/strong>\u2019te tamamlad\u0131.<br>Zemin ne kadar kaygan olursa olsun, kontrol hep onun elindeydi.<br><strong>G\u00fcrol Baranl\u0131<\/strong>, Menemen\u2019in en h\u0131zl\u0131s\u0131yd\u0131!<\/p>\n\n\n\n<p>Onu sadece <strong>0.42 saniye farkla<\/strong> takip eden <strong>Mert Yudulmaz<\/strong>, tempoyu hi\u00e7 b\u0131rakmad\u0131.<br><strong>Mert Yudulmaz<\/strong>, podyuma bir ad\u0131m kala ikinci s\u0131rada kald\u0131.<\/p>\n\n\n\n<p>Ve \u00fc\u00e7\u00fcnc\u00fc s\u0131rada <strong>Kaan Yudulmaz<\/strong> yer ald\u0131.<br>Aile i\u00e7i rekabet, Menemen topraklar\u0131na renk katt\u0131.<br><strong>Kaan Yudulmaz<\/strong>, g\u00fc\u00e7l\u00fc s\u00fcr\u00fc\u015f\u00fcyle alk\u0131\u015f ald\u0131.<\/p>\n\n\n\n<figure class=\"wp-block-image size-large\"><img loading=\"lazy\" decoding=\"async\" width=\"1024\" height=\"683\" src=\"https:\/\/torkspor.com\/wp-content\/uploads\/2025\/10\/05-Eren-Alver-kopya-1024x683.jpg\" alt=\"\" class=\"wp-image-3213\" srcset=\"https:\/\/torkspor.com\/wp-content\/uploads\/2025\/10\/05-Eren-Alver-kopya-1024x683.jpg 1024w, https:\/\/torkspor.com\/wp-content\/uploads\/2025\/10\/05-Eren-Alver-kopya-300x200.jpg 300w, https:\/\/torkspor.com\/wp-content\/uploads\/2025\/10\/05-Eren-Alver-kopya-768x512.jpg 768w, https:\/\/torkspor.com\/wp-content\/uploads\/2025\/10\/05-Eren-Alver-kopya.jpg 1440w\" sizes=\"(max-width: 1024px) 100vw, 1024px\" \/><\/figure>\n\n\n\n<p><strong>Kategori 5<\/strong>\u2019te ise sahneye <strong>Eren Alver<\/strong> \u00e7\u0131kt\u0131.<br>BRP Can-Am Maverick R ile pistte adeta dans etti.<br>03:45.18\u2019lik zaman\u0131, SSV s\u0131n\u0131f\u0131nda g\u00fcn\u00fcn en iyi performans\u0131n\u0131 getirdi.<br><strong>Eren Alver<\/strong>, Menemen\u2019in toprak kral\u0131yd\u0131!<\/p>\n\n\n\n<h3 class=\"wp-block-heading\"><strong>Kad\u0131n G\u00fcc\u00fc Menemen\u2019de Parlad\u0131: Yasemin Erikli Zirvede, Fasl\u0131 Pilot Hassania Akta\u015f\u2019tan Etkileyici Performans!<\/strong><\/h3>\n\n\n\n<p><strong>Menemen Otokros Yar\u0131\u015f\u0131<\/strong>, bu y\u0131l kad\u0131n sporcular\u0131n g\u00f6z kama\u015ft\u0131ran performanslar\u0131na sahne oldu.<br>\u0130zmir Otomobil Sporlar\u0131 Kul\u00fcb\u00fc (\u0130OSK) taraf\u0131ndan d\u00fczenlenen organizasyonda, <strong>7 kad\u0131n sporcu<\/strong> direksiyon ba\u015f\u0131na ge\u00e7ti.<br>Kad\u0131nlar aras\u0131ndaki rekabet, trib\u00fcnlerde b\u00fcy\u00fck ilgiyle izlendi.<\/p>\n\n\n\n<p>Egeasal Motorsport Challenge d\u00f6neminde <strong>Mithat Diker<\/strong> taraf\u0131ndan \u00f6zel olarak yeti\u015ftirilen ve motor sporlar\u0131na kazand\u0131r\u0131lan <strong>Yasemin Erikli<\/strong>,                                                                                                                                                                                                                                                                                                                                                                                           Menemen topraklar\u0131nda bir kez daha yetene\u011fini konu\u015fturdu.<br>Citro\u00ebn Saxo\u2019suyla etkileyici bir s\u00fcr\u00fc\u015f sergileyen Erikli, <strong>04:01.15<\/strong>\u2019lik derecesiyle <strong>kad\u0131nlar klasman\u0131nda birincili\u011fe ula\u015ft\u0131.<\/strong><\/p>\n\n\n\n<p>Kad\u0131nlar klasman\u0131nda ikinci s\u0131ray\u0131 <strong>Hilal Olgun<\/strong> ald\u0131.  <br>Fiat Palio\u2019suyla parkuru <strong>04:04.92<\/strong>\u2019de tamamlayan Olgun, normalde ralli yar\u0131\u015flar\u0131nda <strong>Faruk Say\u0131n\u2019\u0131n co-pilotu<\/strong> olarak yer al\u0131yor.<br>Ancak Menemen\u2019de bu kez direksiyon ba\u015f\u0131ndayd\u0131 ve ba\u015far\u0131l\u0131 performans\u0131yla takdir toplad\u0131.<\/p>\n\n\n\n<p>\u00dc\u00e7\u00fcnc\u00fc s\u0131rada ise yine <strong>Mithat Diker\u2019in motor sporlar\u0131na kazand\u0131rd\u0131\u011f\u0131 isimlerden biri<\/strong>, <strong>Fasl\u0131 pilot Hassania Akta\u015f<\/strong> yer ald\u0131.             <br>Fiat Palio\u2019suyla <strong>04:26.67<\/strong>\u2019lik derecesiyle parkuru tamamlayan Akta\u015f, istikrarl\u0131 s\u00fcr\u00fc\u015f\u00fcyle alk\u0131\u015f ald\u0131.<br>Akta\u015f, pistteki zarif ama g\u00fc\u00e7l\u00fc tarz\u0131yla yar\u0131\u015f\u0131n en dikkat \u00e7eken sporcular\u0131ndan biri oldu.<\/p>\n\n\n\n<figure class=\"wp-block-image size-large\"><img loading=\"lazy\" decoding=\"async\" width=\"1024\" height=\"683\" src=\"https:\/\/torkspor.com\/wp-content\/uploads\/2025\/10\/Menemen-Otokros-Kadinlar-Podyum-1024x683.jpg\" alt=\"\" class=\"wp-image-3216\" srcset=\"https:\/\/torkspor.com\/wp-content\/uploads\/2025\/10\/Menemen-Otokros-Kadinlar-Podyum-1024x683.jpg 1024w, https:\/\/torkspor.com\/wp-content\/uploads\/2025\/10\/Menemen-Otokros-Kadinlar-Podyum-300x200.jpg 300w, https:\/\/torkspor.com\/wp-content\/uploads\/2025\/10\/Menemen-Otokros-Kadinlar-Podyum-768x512.jpg 768w, https:\/\/torkspor.com\/wp-content\/uploads\/2025\/10\/Menemen-Otokros-Kadinlar-Podyum-1536x1024.jpg 1536w, https:\/\/torkspor.com\/wp-content\/uploads\/2025\/10\/Menemen-Otokros-Kadinlar-Podyum-2048x1365.jpg 2048w\" sizes=\"(max-width: 1024px) 100vw, 1024px\" \/><\/figure>\n\n\n\n<p>Yar\u0131\u015f sonunda <strong>kad\u0131nlar klasman\u0131 podyumu<\/strong> \u015fu \u015fekilde olu\u015ftu:<br>1\ufe0f\u20e3 <strong>Yasemin Erikli<\/strong> \u2013 Citro\u00ebn Saxo \u2013 04:01.15<br>2\ufe0f\u20e3 <strong>Hilal Olgun<\/strong> \u2013 Fiat Palio \u2013 04:04.92<br>3\ufe0f\u20e3 <strong>Hassania Akta\u015f<\/strong> \u2013 Fiat Palio \u2013 04:26.67<\/p>\n\n\n\n<p>Organizasyon sonras\u0131 konu\u015fan <strong>\u0130zmir Otomobil Sporlar\u0131 Kul\u00fcb\u00fc Ba\u015fkan\u0131 Mithat Diker<\/strong>, kad\u0131n sporcular\u0131n ba\u015far\u0131s\u0131ndan gurur duydu\u011funu belirterek:<\/p>\n\n\n\n<blockquote class=\"wp-block-quote is-layout-flow wp-block-quote-is-layout-flow\">\n<p>\u201cKad\u0131n s\u00fcr\u00fcc\u00fclerimizin ba\u015far\u0131s\u0131 en b\u00fcy\u00fck gurur kayna\u011f\u0131m\u0131z.<br>Motor sporlar\u0131nda kad\u0131nlar\u0131n \u00f6n planda oldu\u011fu bir d\u00f6neme tan\u0131kl\u0131k ediyoruz.<br>Kad\u0131nlar sadece yar\u0131\u015fm\u0131yor, gelece\u011fin sporcular\u0131na da ilham veriyorlar.\u201d dedi.<\/p>\n<\/blockquote>\n\n\n\n<p><strong>Menemen Otokros 2025<\/strong>, bu y\u0131l sadece tozla ve h\u0131zla de\u011fil;<br><strong>kad\u0131n g\u00fcc\u00fc, azim ve ilham dolu hik\u00e2yelerle<\/strong> hat\u0131rlanacak.<\/p>\n\n\n\n<p>Ama do\u011fa ko\u015fullar\u0131 ikinci g\u00fcn\u00fcn ak\u0131\u015f\u0131n\u0131 de\u011fi\u015ftirdi\u2026<br>Pazar \u00f6\u011fleden sonra bast\u0131ran yo\u011fun ya\u011fmur, parkuru \u00e7amura \u00e7evirdi.<br>Yar\u0131\u015f Komitesi ve Spor Komiserleri g\u00fcvenlik nedeniyle ikinci g\u00fcn\u00fc iptal etti.<br>Do\u011fa bu kez direksiyona ge\u00e7ti, yar\u0131\u015fa noktay\u0131 koydu.<\/p>\n\n\n\n<p>Yine de organizasyon kusursuz tamamland\u0131.<br>G\u00f6zetmenler, teknik ekip, sa\u011fl\u0131k g\u00f6revlileri ve g\u00f6n\u00fcll\u00fcler; zor \u015fartlarda b\u00fcy\u00fck bir \u00f6zveriyle \u00e7al\u0131\u015ft\u0131.<\/p>\n\n\n\n<p>Yar\u0131\u015f sonras\u0131 konu\u015fan <strong>\u0130zmir Otomobil Sporlar\u0131 Kul\u00fcb\u00fc Ba\u015fkan\u0131 Mithat Diker<\/strong>, \u015funlar\u0131 s\u00f6yledi:<\/p>\n\n\n\n<p>\u201c\u0130lk g\u00fcn tozla, ikinci g\u00fcn do\u011fan\u0131n g\u00fcc\u00fcyle yar\u0131\u015ft\u0131k.<br>Sporcu g\u00fcvenli\u011fi, do\u011faya sayg\u0131 ve dayan\u0131\u015fmayla \u00e7ok g\u00fczel bir organizasyonu geride b\u0131rakt\u0131k.<br>Kat\u0131lan herkese, trib\u00fcnleri dolduran seyircilere te\u015fekk\u00fcr ederim.\u201d<\/p>\n\n\n\n<p>Ve b\u00f6ylece\u2026<br>Menemen Otokros 2025, hem h\u0131z\u0131n hem do\u011fan\u0131n hik\u00e2yesi olarak haf\u0131zalara kaz\u0131nd\u0131.<\/p>\n\n\n\n<p><strong>Menemen Otokros 2025 | Tozla Ba\u015flad\u0131, Ya\u011fmurla Bitti!<\/strong><br>\u0130zmir Otomobil Sporlar\u0131 Kul\u00fcb\u00fc (\u0130OSK) taraf\u0131ndan d\u00fczenlenen Menemen Otokros Yar\u0131\u015flar\u0131, Ege Asal Metal sponsorlu\u011funda, Menemen Seyrek Parkuru\u2019nda ger\u00e7ekle\u015ftirildi.<br>\u0130lk g\u00fcn tozla ba\u015flayan m\u00fccadele, ikinci g\u00fcn ya\u011fmurla sona erdi.<\/p>\n\n\n\n<p><strong>Kazananlar:<\/strong><br>Kategori 1 \u2013 Erkan Kotan<br>Kategori 2 \u2013 \u0130brahim Y\u0131lmaz<br>Kategori 3 \u2013 Kubilay T\u00fcrkmen<br>Kategori 4 \u2013 G\u00fcrol Baranl\u0131<br>Kategori 5 \u2013 Eren Alver<\/p>\n\n\n\n<p>#TorkSpor #MenemenOtokros #\u0130OSK #TOSFED #MotorsportTurkey #SubaruImprezaSTI #Menemen2025 #Otokros<\/p>\n","protected":false},"excerpt":{"rendered":"<p>Ege\u2019nin kalbi bu kez Menemen\u2019de att\u0131\u2026\u0130zmir Otomobil Sporlar\u0131 Kul\u00fcb\u00fc\u2019n\u00fcn (\u0130OSK) d\u00fczenledi\u011fi, Ege Asal Metal sponsorlu\u011fundaki Menemen Otokros Yar\u0131\u015flar\u0131, 18\u201319 Ekim<\/p>\n","protected":false},"author":2,"featured_media":3203,"comment_status":"open","ping_status":"open","sticky":false,"template":"","format":"standard","meta":{"footnotes":""},"categories":[5,2,21],"tags":[],"class_list":["post-3202","post","type-post","status-publish","format-standard","has-post-thumbnail","hentry","category-haberler","category-pist","category-ralli"],"magazineBlocksPostFeaturedMedia":{"thumbnail":"https:\/\/torkspor.com\/wp-content\/uploads\/2025\/10\/kapak-kopya-150x150.jpg","medium":"https:\/\/torkspor.com\/wp-content\/uploads\/2025\/10\/kapak-kopya-300x200.jpg","medium_large":"https:\/\/torkspor.com\/wp-content\/uploads\/2025\/10\/kapak-kopya-768x512.jpg","large":"https:\/\/torkspor.com\/wp-content\/uploads\/2025\/10\/kapak-kopya-1024x683.jpg","1536x1536":"https:\/\/torkspor.com\/wp-content\/uploads\/2025\/10\/kapak-kopya.jpg","2048x2048":"https:\/\/torkspor.com\/wp-content\/uploads\/2025\/10\/kapak-kopya.jpg","colormag-highlighted-post":"https:\/\/torkspor.com\/wp-content\/uploads\/2025\/10\/kapak-kopya-392x272.jpg","colormag-featured-post-medium":"https:\/\/torkspor.com\/wp-content\/uploads\/2025\/10\/kapak-kopya-390x205.jpg","colormag-featured-post-small":"https:\/\/torkspor.com\/wp-content\/uploads\/2025\/10\/kapak-kopya-130x90.jpg","colormag-featured-image":"https:\/\/torkspor.com\/wp-content\/uploads\/2025\/10\/kapak-kopya-800x445.jpg","colormag-default-news":"https:\/\/torkspor.com\/wp-content\/uploads\/2025\/10\/kapak-kopya-150x150.jpg","colormag-featured-image-large":"https:\/\/torkspor.com\/wp-content\/uploads\/2025\/10\/kapak-kopya-1400x600.jpg","colormag-elementor-block-extra-large-thumbnail":"https:\/\/torkspor.com\/wp-content\/uploads\/2025\/10\/kapak-kopya-1155x480.jpg","colormag-elementor-grid-large-thumbnail":"https:\/\/torkspor.com\/wp-content\/uploads\/2025\/10\/kapak-kopya-600x417.jpg","colormag-elementor-grid-small-thumbnail":"https:\/\/torkspor.com\/wp-content\/uploads\/2025\/10\/kapak-kopya-285x450.jpg","colormag-elementor-grid-medium-large-thumbnail":"https:\/\/torkspor.com\/wp-content\/uploads\/2025\/10\/kapak-kopya-575x198.jpg"},"magazineBlocksPostAuthor":{"name":"Okan \u00c7etiner","avatar":"https:\/\/secure.gravatar.com\/avatar\/0b8d387b873c3962ae491deaf4b94a08a9b0dbc2778155c139691933252f8856?s=96&d=mm&r=g"},"magazineBlocksPostCommentsNumber":"0","magazineBlocksPostExcerpt":"Ege\u2019nin kalbi bu kez Menemen\u2019de att\u0131\u2026\u0130zmir Otomobil Sporlar\u0131 Kul\u00fcb\u00fc\u2019n\u00fcn (\u0130OSK) d\u00fczenledi\u011fi, Ege Asal Metal sponsorlu\u011fundaki Menemen Otokros Yar\u0131\u015flar\u0131, 18\u201319 Ekim","magazineBlocksPostCategories":["Haberler","Pist","Ralli"],"magazine_blocks_featured_image_url":{"full":["https:\/\/torkspor.com\/wp-content\/uploads\/2025\/10\/kapak-kopya.jpg",1536,1024,false],"medium":["https:\/\/torkspor.com\/wp-content\/uploads\/2025\/10\/kapak-kopya-300x200.jpg",300,200,true],"thumbnail":["https:\/\/torkspor.com\/wp-content\/uploads\/2025\/10\/kapak-kopya-150x150.jpg",150,150,true]},"magazine_blocks_author":{"display_name":"Okan \u00c7etiner","author_link":"https:\/\/torkspor.com\/?author=2"},"magazine_blocks_comment":0,"magazine_blocks_author_image":"https:\/\/secure.gravatar.com\/avatar\/0b8d387b873c3962ae491deaf4b94a08a9b0dbc2778155c139691933252f8856?s=96&d=mm&r=g","magazine_blocks_category":"<a href=\"https:\/\/torkspor.com\/?cat=5\" rel=\"category\">Haberler<\/a> <a href=\"https:\/\/torkspor.com\/?cat=2\" rel=\"category\">Pist<\/a> <a href=\"https:\/\/torkspor.com\/?cat=21\" rel=\"category\">Ralli<\/a>","_links":{"self":[{"href":"https:\/\/torkspor.com\/index.php?rest_route=\/wp\/v2\/posts\/3202","targetHints":{"allow":["GET"]}}],"collection":[{"href":"https:\/\/torkspor.com\/index.php?rest_route=\/wp\/v2\/posts"}],"about":[{"href":"https:\/\/torkspor.com\/index.php?rest_route=\/wp\/v2\/types\/post"}],"author":[{"embeddable":true,"href":"https:\/\/torkspor.com\/index.php?rest_route=\/wp\/v2\/users\/2"}],"replies":[{"embeddable":true,"href":"https:\/\/torkspor.com\/index.php?rest_route=%2Fwp%2Fv2%2Fcomments&post=3202"}],"version-history":[{"count":3,"href":"https:\/\/torkspor.com\/index.php?rest_route=\/wp\/v2\/posts\/3202\/revisions"}],"predecessor-version":[{"id":3219,"href":"https:\/\/torkspor.com\/index.php?rest_route=\/wp\/v2\/posts\/3202\/revisions\/3219"}],"wp:featuredmedia":[{"embeddable":true,"href":"https:\/\/torkspor.com\/index.php?rest_route=\/wp\/v2\/media\/3203"}],"wp:attachment":[{"href":"https:\/\/torkspor.com\/index.php?rest_route=%2Fwp%2Fv2%2Fmedia&parent=3202"}],"wp:term":[{"taxonomy":"category","embeddable":true,"href":"https:\/\/torkspor.com\/index.php?rest_route=%2Fwp%2Fv2%2Fcategories&post=3202"},{"taxonomy":"post_tag","embeddable":true,"href":"https:\/\/torkspor.com\/index.php?rest_route=%2Fwp%2Fv2%2Ftags&post=3202"}],"curies":[{"name":"wp","href":"https:\/\/api.w.org\/{rel}","templated":true}]}}