{"id":3300,"date":"2025-11-28T15:22:51","date_gmt":"2025-11-28T12:22:51","guid":{"rendered":"https:\/\/torkspor.com\/?p=3300"},"modified":"2025-11-28T15:22:53","modified_gmt":"2025-11-28T12:22:53","slug":"fourmaux-suudi-arabistanda-liderligi-ele-gecirdi-ogier-sampiyonluk-mucadelesinde-avantaji-aldi","status":"publish","type":"post","link":"https:\/\/torkspor.com\/?p=3300","title":{"rendered":"Fourmaux Suudi Arabistan\u2019da Liderli\u011fi Ele Ge\u00e7irdi \u2013 Ogier \u015eampiyonluk M\u00fccadelesinde Avantaj\u0131 Ald\u0131"},"content":{"rendered":"\n<figure class=\"wp-block-image size-large\"><img fetchpriority=\"high\" decoding=\"async\" width=\"1024\" height=\"683\" src=\"https:\/\/torkspor.com\/wp-content\/uploads\/2025\/11\/SI202511250334-1024x683.jpg\" alt=\"\" class=\"wp-image-3301\" srcset=\"https:\/\/torkspor.com\/wp-content\/uploads\/2025\/11\/SI202511250334-1024x683.jpg 1024w, https:\/\/torkspor.com\/wp-content\/uploads\/2025\/11\/SI202511250334-300x200.jpg 300w, https:\/\/torkspor.com\/wp-content\/uploads\/2025\/11\/SI202511250334-768x512.jpg 768w, https:\/\/torkspor.com\/wp-content\/uploads\/2025\/11\/SI202511250334-1536x1024.jpg 1536w, https:\/\/torkspor.com\/wp-content\/uploads\/2025\/11\/SI202511250334-2048x1365.jpg 2048w\" sizes=\"(max-width: 1024px) 100vw, 1024px\" \/><figcaption class=\"wp-element-caption\">Camels seen during stop 14 of the FIA World Rally Championship in Jeddah, Saudi Arabia on November 25, 2025. \/\/ Jaanus Ree \/ Red Bull Content Pool \/\/ SI202511250334 \/\/ Usage for editorial use only \/\/<\/figcaption><\/figure>\n\n\n\n<p>Suudi Arabistan Rallisi\u2019nin \u00e7\u00f6l etaplar\u0131nda ya\u015fanan kaosun ard\u0131ndan Hyundai pilotu <strong>Adrien Fourmaux<\/strong>, Per\u015fembe g\u00fcn\u00fcn\u00fc lider kapatarak dikkatleri \u00fczerine \u00e7ekti. G\u00fcn sonunda, WRC \u015fampiyonluk d\u00fcellosunda ise <strong>S\u00e9bastien Ogier<\/strong>, Elfyn Evans\u2019\u0131n \u00f6n\u00fcne ge\u00e7erek <strong>yaln\u0131zca 1 puanla<\/strong> \u015fampiyonluk avantaj\u0131n\u0131 ele ge\u00e7irdi.<\/p>\n\n\n\n<figure class=\"wp-block-image size-large\"><img decoding=\"async\" width=\"1024\" height=\"683\" src=\"https:\/\/torkspor.com\/wp-content\/uploads\/2025\/11\/SI202511270495-1024x683.jpg\" alt=\"\" class=\"wp-image-3302\" srcset=\"https:\/\/torkspor.com\/wp-content\/uploads\/2025\/11\/SI202511270495-1024x683.jpg 1024w, https:\/\/torkspor.com\/wp-content\/uploads\/2025\/11\/SI202511270495-300x200.jpg 300w, https:\/\/torkspor.com\/wp-content\/uploads\/2025\/11\/SI202511270495-768x512.jpg 768w, https:\/\/torkspor.com\/wp-content\/uploads\/2025\/11\/SI202511270495-1536x1024.jpg 1536w, https:\/\/torkspor.com\/wp-content\/uploads\/2025\/11\/SI202511270495-2048x1365.jpg 2048w\" sizes=\"(max-width: 1024px) 100vw, 1024px\" \/><figcaption class=\"wp-element-caption\">Adrien Fourmaux (FRA) and Alexandre Coria (FRA) of team HYUNDAI SHELL MOBIS WORLD RALLY TEAM are seen performing during stop 14 of the World Rally Championship in Jeddah, Saudi Arabia on November 27, 2025. \/\/ Jaanus Ree \/ Red Bull Content Pool \/\/ SI202511270495 \/\/ Usage for editorial use only \/\/<\/figcaption><\/figure>\n\n\n\n<p>Fourmaux, yedi etap boyunca b\u00fcy\u00fck hatalardan ka\u00e7\u0131narak g\u00fcn\u00fc tamamlad\u0131 ve Toyota pilotu <strong>Sami Pajari\u2019nin 6.0 saniye<\/strong> \u00f6n\u00fcnde liderli\u011fe yerle\u015fti. G\u00fcn\u00fcn erken b\u00f6l\u00fcm\u00fcnde tempoyu belirleyen <strong>M\u0101rti\u0146\u0161 Sesks<\/strong> ise sadece 0.9 saniye geride \u00fc\u00e7\u00fcnc\u00fc s\u0131rada yer ald\u0131.<\/p>\n\n\n\n<figure class=\"wp-block-image size-large\"><img decoding=\"async\" width=\"1024\" height=\"683\" src=\"https:\/\/torkspor.com\/wp-content\/uploads\/2025\/11\/Sami-Pajari-1024x683.jpg\" alt=\"\" class=\"wp-image-3305\" srcset=\"https:\/\/torkspor.com\/wp-content\/uploads\/2025\/11\/Sami-Pajari-1024x683.jpg 1024w, https:\/\/torkspor.com\/wp-content\/uploads\/2025\/11\/Sami-Pajari-300x200.jpg 300w, https:\/\/torkspor.com\/wp-content\/uploads\/2025\/11\/Sami-Pajari-768x512.jpg 768w, https:\/\/torkspor.com\/wp-content\/uploads\/2025\/11\/Sami-Pajari-1536x1024.jpg 1536w, https:\/\/torkspor.com\/wp-content\/uploads\/2025\/11\/Sami-Pajari-2048x1365.jpg 2048w\" sizes=\"(max-width: 1024px) 100vw, 1024px\" \/><figcaption class=\"wp-element-caption\">Sami Pajari competes during stop 14 of the FIA World Rally Championship in Jeddah, Saudi Arabia on November 26, 2025. \/\/ WRC Promoter GmbH \/ Red Bull Content Pool \/\/ SI202511270600 \/\/ Usage for editorial use only \/\/<\/figcaption><\/figure>\n\n\n\n<hr class=\"wp-block-separator has-alpha-channel-opacity\"\/>\n\n\n\n<h2 class=\"wp-block-heading\"><strong>Dramatik Liderlik Sava\u015flar\u0131<\/strong><\/h2>\n\n\n\n<p>G\u00fcn\u00fcn ilk b\u00f6l\u00fcm\u00fc Sesks\u2019in \u00fcst\u00fcnl\u00fc\u011f\u00fcyle ge\u00e7ti; iki etap galibiyeti alarak fark\u0131 a\u00e7\u0131yordu. Ancak Moon Stage\u2019in ikinci ge\u00e7i\u015finde ya\u015fad\u0131\u011f\u0131 sa\u011f arka lastik patlamas\u0131 ona <strong>15 saniyeden fazla<\/strong> kaybettirdi.<\/p>\n\n\n\n<p>Pajari bu f\u0131rsat\u0131 de\u011ferlendirerek SS6\u2019y\u0131 kazand\u0131 ve liderli\u011fi ald\u0131, fakat son etapta sa\u011f \u00f6n lasti\u011findeki delaminasyon problemi bu kez onu geriye itti. B\u00f6ylece Fourmaux yeniden zirveye \u00e7\u0131kt\u0131.<\/p>\n\n\n\n<p>Her iki pilot da h\u00e2l\u00e2 yar\u0131\u015f\u0131n g\u00fc\u00e7l\u00fc favorileri aras\u0131nda.<\/p>\n\n\n\n<figure class=\"wp-block-image size-large\"><img loading=\"lazy\" decoding=\"async\" width=\"1024\" height=\"683\" src=\"https:\/\/torkspor.com\/wp-content\/uploads\/2025\/11\/Sesks-Martins-1024x683.jpg\" alt=\"\" class=\"wp-image-3303\" srcset=\"https:\/\/torkspor.com\/wp-content\/uploads\/2025\/11\/Sesks-Martins-1024x683.jpg 1024w, https:\/\/torkspor.com\/wp-content\/uploads\/2025\/11\/Sesks-Martins-300x200.jpg 300w, https:\/\/torkspor.com\/wp-content\/uploads\/2025\/11\/Sesks-Martins-768x512.jpg 768w, https:\/\/torkspor.com\/wp-content\/uploads\/2025\/11\/Sesks-Martins-1536x1024.jpg 1536w, https:\/\/torkspor.com\/wp-content\/uploads\/2025\/11\/Sesks-Martins-2048x1365.jpg 2048w\" sizes=\"(max-width: 1024px) 100vw, 1024px\" \/><figcaption class=\"wp-element-caption\">Sesks M\u0101rti\u0146\u0161 seen performing during the  World Rally Championship  Saudi Arabia in Jeddah, Saudi Arabia on  26,November. 2025 \/\/ Jaanus Ree \/ Red Bull Content Pool \/\/ SI202511260400 \/\/ Usage for editorial use only \/\/<\/figcaption><\/figure>\n\n\n\n<hr class=\"wp-block-separator has-alpha-channel-opacity\"\/>\n\n\n\n<h2 class=\"wp-block-heading\"><strong>Fourmaux: \u201cDengeyi iyi kurduk\u201d<\/strong><\/h2>\n\n\n\n<p>Fourmaux yar\u0131\u015f sonras\u0131 \u015f\u00f6yle konu\u015ftu:<\/p>\n\n\n\n<p>\u201cBug\u00fcnden memnunum. Elbette her zaman biraz daha zorlayabiliriz, ama bu rallide sald\u0131rmak ile lastikleri korumak aras\u0131nda do\u011fru dengeyi bulmak \u00e7ok \u00f6nemli. Yol konumu yar\u0131n i\u00e7in kritik ve iyi bir pozisyonda olmay\u0131 ba\u015fard\u0131k.\u201d<\/p>\n\n\n\n<hr class=\"wp-block-separator has-alpha-channel-opacity\"\/>\n\n\n\n<h2 class=\"wp-block-heading\"><strong>En b\u00fcy\u00fck k\u0131r\u0131lma: Evans\u2019\u0131n kayb\u0131<\/strong><\/h2>\n\n\n\n<p>\u015eampiyona lideri <strong>Elfyn Evans<\/strong>, ilk s\u0131rada start ald\u0131\u011f\u0131 i\u00e7in \u00e7\u00f6l kumunu s\u00fcp\u00fcren pilot oldu ve g\u00fcn boyunca d\u00fc\u015f\u00fck tutunmayla m\u00fccadele etti. Sabah k\u0131sa bir fren ka\u00e7\u0131rmas\u0131yla zaman kaybeden Evans, agresif \u00f6\u011fleden sonra etaplar\u0131n\u0131n sonunda:<\/p>\n\n\n\n<p>\ud83d\udc49 <strong>g\u00fcn\u00fc dokuzuncu s\u0131rada<\/strong> ve liderden <strong>1 dakikadan fazla geride<\/strong> bitirdi.<\/p>\n\n\n\n<figure class=\"wp-block-image size-large\"><img loading=\"lazy\" decoding=\"async\" width=\"1024\" height=\"683\" src=\"https:\/\/torkspor.com\/wp-content\/uploads\/2025\/11\/SI202511250365-1024x683.jpg\" alt=\"\" class=\"wp-image-3304\" srcset=\"https:\/\/torkspor.com\/wp-content\/uploads\/2025\/11\/SI202511250365-1024x683.jpg 1024w, https:\/\/torkspor.com\/wp-content\/uploads\/2025\/11\/SI202511250365-300x200.jpg 300w, https:\/\/torkspor.com\/wp-content\/uploads\/2025\/11\/SI202511250365-768x512.jpg 768w, https:\/\/torkspor.com\/wp-content\/uploads\/2025\/11\/SI202511250365-1536x1024.jpg 1536w, https:\/\/torkspor.com\/wp-content\/uploads\/2025\/11\/SI202511250365-2048x1365.jpg 2048w\" sizes=\"(max-width: 1024px) 100vw, 1024px\" \/><figcaption class=\"wp-element-caption\">Kalle Rovanper\u00e4 (FIN), Sebastien Ogier (FRA) and Elfyn Evans (GB) of team TOYOTA GAZOO RACING WRT seen during stop 14 of the FIA World Rally Championship in Jeddah, Saudi Arabia on November 25, 2025. \/\/ Jaanus Ree \/ Red Bull Content Pool \/\/ SI202511250365 \/\/ Usage for editorial use only \/\/<\/figcaption><\/figure>\n\n\n\n<hr class=\"wp-block-separator has-alpha-channel-opacity\"\/>\n\n\n\n<h2 class=\"wp-block-heading\"><strong>Ogier: Strateji tuttu \u2014 hedef: Evans ve Rovanper\u00e4<\/strong><\/h2>\n\n\n\n<figure class=\"wp-block-image size-large\"><img loading=\"lazy\" decoding=\"async\" width=\"1024\" height=\"683\" src=\"https:\/\/torkspor.com\/wp-content\/uploads\/2025\/11\/Sebastien-Ogier-1024x683.jpg\" alt=\"\" class=\"wp-image-3306\" srcset=\"https:\/\/torkspor.com\/wp-content\/uploads\/2025\/11\/Sebastien-Ogier-1024x683.jpg 1024w, https:\/\/torkspor.com\/wp-content\/uploads\/2025\/11\/Sebastien-Ogier-300x200.jpg 300w, https:\/\/torkspor.com\/wp-content\/uploads\/2025\/11\/Sebastien-Ogier-768x512.jpg 768w, https:\/\/torkspor.com\/wp-content\/uploads\/2025\/11\/Sebastien-Ogier-1536x1024.jpg 1536w, https:\/\/torkspor.com\/wp-content\/uploads\/2025\/11\/Sebastien-Ogier-2048x1365.jpg 2048w\" sizes=\"(max-width: 1024px) 100vw, 1024px\" \/><figcaption class=\"wp-element-caption\">Sebastien Ogier (FRA) and Vincent Landais (FRA) of team TOYOTA GAZOO RACING WRT are seen performing during stop 14 of the World Rally Championship in Jeddah, Saudi Arabia on November 27, 2025. \/\/ Jaanus Ree \/ Red Bull Content Pool \/\/ SI202511270486 \/\/ Usage for editorial use only \/\/<\/figcaption><\/figure>\n\n\n\n<p>\u015eampiyonan\u0131n son aya\u011f\u0131na Evans\u2019\u0131n 3 puan gerisinde giren <strong>S\u00e9bastien Ogier<\/strong>, etaplar\u0131 temkinli ama etkili ge\u00e7erek rakiplerinin sorun ya\u015famalar\u0131ndan faydaland\u0131. Gecelik servise <strong>yedinci s\u0131rada<\/strong> gelen Ogier, Evans\u2019\u0131n gerilemesiyle birlikte <strong>\u015fampiyonlukta 1 puan farkla \u00f6ne ge\u00e7ti.<\/strong><\/p>\n\n\n\n<hr class=\"wp-block-separator has-alpha-channel-opacity\"\/>\n\n\n\n<h2 class=\"wp-block-heading\"><strong>Rovanper\u00e4\u2019nin umutlar\u0131 t\u00fckeniyor mu?<\/strong><\/h2>\n\n\n\n<p>\u0130ki kez d\u00fcnya \u015fampiyonu olan <strong>Kalle Rovanper\u00e4<\/strong>, iki lastik patlamas\u0131 ya\u015fay\u0131nca sekizinci s\u0131rada kald\u0131 ve Ogier ile Evans aras\u0131nda s\u0131k\u0131\u015ft\u0131. Art\u0131k \u015fampiyonluk i\u00e7in mucize gerekiyor.<\/p>\n\n\n\n<hr class=\"wp-block-separator has-alpha-channel-opacity\"\/>\n\n\n\n<h2 class=\"wp-block-heading\"><strong>Tanak ata\u011fa ge\u00e7ti \u2013 Neuville ve Katsuta takipte<\/strong><\/h2>\n\n\n\n<ul class=\"wp-block-list\">\n<li><strong>Ott T\u00e4nak<\/strong>, sondan bir \u00f6nceki etapta en iyi zaman\u0131 yaparak d\u00f6rd\u00fcnc\u00fc s\u0131raya yerle\u015fti ancak s\u00fcspansiyonla ilgili bir sorun bildirdi.<\/li>\n\n\n\n<li><strong>Thierry Neuville<\/strong>, \u00e7atlak \u00f6n cam ve yava\u015f bir patlak lastikle ba\u015f ederek be\u015finci s\u0131rada kald\u0131.<\/li>\n\n\n\n<li><strong>Takamoto Katsuta<\/strong>, lastikleri koruyan temkinli stiliyle alt\u0131nc\u0131 s\u0131ray\u0131 ald\u0131.<\/li>\n<\/ul>\n\n\n\n<hr class=\"wp-block-separator has-alpha-channel-opacity\"\/>\n\n\n\n<h2 class=\"wp-block-heading\"><strong>PER\u015eEMBE SONU DURUMU (SS8\/17)<\/strong><\/h2>\n\n\n\n<ol class=\"wp-block-list\">\n<li><strong>A. Fourmaux \/ A. Coria<\/strong> \u2013 Hyundai i20 N Rally1 \u2014 1:18:45.3<\/li>\n\n\n\n<li><strong>S. Pajari \/ M. Salminen<\/strong> \u2013 Toyota GR Yaris Rally1 \u2014 +6.0s<\/li>\n\n\n\n<li><strong>M. Sesks \/ R. Francis<\/strong> \u2013 Ford Puma Rally1 \u2014 +6.9s<\/li>\n\n\n\n<li><strong>O. T\u00e4nak \/ M. J\u00e4rveoja<\/strong> \u2013 Hyundai i20 N Rally1 \u2014 +13.7s<\/li>\n\n\n\n<li><strong>T. Neuville \/ M. Wydaeghe<\/strong> \u2013 Hyundai i20 N Rally1 \u2014 +14.9s<\/li>\n\n\n\n<li><strong>T. Katsuta \/ A. Johnston<\/strong> \u2013 Toyota GR Yaris Rally1 \u2014 +22.9s<\/li>\n<\/ol>\n\n\n\n<hr class=\"wp-block-separator has-alpha-channel-opacity\"\/>\n\n\n\n<h2 class=\"wp-block-heading\"><strong>Cuma: En Uzun G\u00fcn<\/strong><\/h2>\n\n\n\n<p>Yar\u0131\u015f\u0131n en kritik b\u00f6l\u00fcm\u00fc olan <strong>Cuma g\u00fcn\u00fc<\/strong>, \u00e7\u00f6l\u00fcn derinlerine uzanan alt\u0131 \u00f6zel etapta toplam <strong>130 km\u2019den fazla<\/strong> zaman tutulacak.<\/p>\n","protected":false},"excerpt":{"rendered":"<p>Suudi Arabistan Rallisi\u2019nin \u00e7\u00f6l etaplar\u0131nda ya\u015fanan kaosun ard\u0131ndan Hyundai pilotu Adrien Fourmaux, Per\u015fembe g\u00fcn\u00fcn\u00fc lider kapatarak dikkatleri \u00fczerine \u00e7ekti. G\u00fcn<\/p>\n","protected":false},"author":2,"featured_media":3307,"comment_status":"open","ping_status":"open","sticky":false,"template":"","format":"standard","meta":{"footnotes":""},"categories":[1,5,21,228],"tags":[],"class_list":["post-3300","post","type-post","status-publish","format-standard","has-post-thumbnail","hentry","category-genel","category-haberler","category-ralli","category-wrc"],"magazineBlocksPostFeaturedMedia":{"thumbnail":"https:\/\/torkspor.com\/wp-content\/uploads\/2025\/11\/Nasser-Al-Attiyah-150x150.jpg","medium":"https:\/\/torkspor.com\/wp-content\/uploads\/2025\/11\/Nasser-Al-Attiyah-300x200.jpg","medium_large":"https:\/\/torkspor.com\/wp-content\/uploads\/2025\/11\/Nasser-Al-Attiyah-768x512.jpg","large":"https:\/\/torkspor.com\/wp-content\/uploads\/2025\/11\/Nasser-Al-Attiyah-1024x683.jpg","1536x1536":"https:\/\/torkspor.com\/wp-content\/uploads\/2025\/11\/Nasser-Al-Attiyah-1536x1024.jpg","2048x2048":"https:\/\/torkspor.com\/wp-content\/uploads\/2025\/11\/Nasser-Al-Attiyah-2048x1365.jpg","colormag-highlighted-post":"https:\/\/torkspor.com\/wp-content\/uploads\/2025\/11\/Nasser-Al-Attiyah-392x272.jpg","colormag-featured-post-medium":"https:\/\/torkspor.com\/wp-content\/uploads\/2025\/11\/Nasser-Al-Attiyah-390x205.jpg","colormag-featured-post-small":"https:\/\/torkspor.com\/wp-content\/uploads\/2025\/11\/Nasser-Al-Attiyah-130x90.jpg","colormag-featured-image":"https:\/\/torkspor.com\/wp-content\/uploads\/2025\/11\/Nasser-Al-Attiyah-800x445.jpg","colormag-default-news":"https:\/\/torkspor.com\/wp-content\/uploads\/2025\/11\/Nasser-Al-Attiyah-150x150.jpg","colormag-featured-image-large":"https:\/\/torkspor.com\/wp-content\/uploads\/2025\/11\/Nasser-Al-Attiyah-1400x600.jpg","colormag-elementor-block-extra-large-thumbnail":"https:\/\/torkspor.com\/wp-content\/uploads\/2025\/11\/Nasser-Al-Attiyah-1155x480.jpg","colormag-elementor-grid-large-thumbnail":"https:\/\/torkspor.com\/wp-content\/uploads\/2025\/11\/Nasser-Al-Attiyah-600x417.jpg","colormag-elementor-grid-small-thumbnail":"https:\/\/torkspor.com\/wp-content\/uploads\/2025\/11\/Nasser-Al-Attiyah-285x450.jpg","colormag-elementor-grid-medium-large-thumbnail":"https:\/\/torkspor.com\/wp-content\/uploads\/2025\/11\/Nasser-Al-Attiyah-575x198.jpg"},"magazineBlocksPostAuthor":{"name":"Okan \u00c7etiner","avatar":"https:\/\/secure.gravatar.com\/avatar\/0b8d387b873c3962ae491deaf4b94a08a9b0dbc2778155c139691933252f8856?s=96&d=mm&r=g"},"magazineBlocksPostCommentsNumber":"0","magazineBlocksPostExcerpt":"Suudi Arabistan Rallisi\u2019nin \u00e7\u00f6l etaplar\u0131nda ya\u015fanan kaosun ard\u0131ndan Hyundai pilotu Adrien Fourmaux, Per\u015fembe g\u00fcn\u00fcn\u00fc lider kapatarak dikkatleri \u00fczerine \u00e7ekti. G\u00fcn","magazineBlocksPostCategories":["Genel","Haberler","Ralli","WRC"],"magazine_blocks_featured_image_url":{"full":["https:\/\/torkspor.com\/wp-content\/uploads\/2025\/11\/Nasser-Al-Attiyah-scaled.jpg",2560,1707,false],"medium":["https:\/\/torkspor.com\/wp-content\/uploads\/2025\/11\/Nasser-Al-Attiyah-300x200.jpg",300,200,true],"thumbnail":["https:\/\/torkspor.com\/wp-content\/uploads\/2025\/11\/Nasser-Al-Attiyah-150x150.jpg",150,150,true]},"magazine_blocks_author":{"display_name":"Okan \u00c7etiner","author_link":"https:\/\/torkspor.com\/?author=2"},"magazine_blocks_comment":2,"magazine_blocks_author_image":"https:\/\/secure.gravatar.com\/avatar\/0b8d387b873c3962ae491deaf4b94a08a9b0dbc2778155c139691933252f8856?s=96&d=mm&r=g","magazine_blocks_category":"<a href=\"https:\/\/torkspor.com\/?cat=1\" rel=\"category\">Genel<\/a> <a href=\"https:\/\/torkspor.com\/?cat=5\" rel=\"category\">Haberler<\/a> <a href=\"https:\/\/torkspor.com\/?cat=21\" rel=\"category\">Ralli<\/a> <a href=\"https:\/\/torkspor.com\/?cat=228\" rel=\"category\">WRC<\/a>","_links":{"self":[{"href":"https:\/\/torkspor.com\/index.php?rest_route=\/wp\/v2\/posts\/3300","targetHints":{"allow":["GET"]}}],"collection":[{"href":"https:\/\/torkspor.com\/index.php?rest_route=\/wp\/v2\/posts"}],"about":[{"href":"https:\/\/torkspor.com\/index.php?rest_route=\/wp\/v2\/types\/post"}],"author":[{"embeddable":true,"href":"https:\/\/torkspor.com\/index.php?rest_route=\/wp\/v2\/users\/2"}],"replies":[{"embeddable":true,"href":"https:\/\/torkspor.com\/index.php?rest_route=%2Fwp%2Fv2%2Fcomments&post=3300"}],"version-history":[{"count":1,"href":"https:\/\/torkspor.com\/index.php?rest_route=\/wp\/v2\/posts\/3300\/revisions"}],"predecessor-version":[{"id":3308,"href":"https:\/\/torkspor.com\/index.php?rest_route=\/wp\/v2\/posts\/3300\/revisions\/3308"}],"wp:featuredmedia":[{"embeddable":true,"href":"https:\/\/torkspor.com\/index.php?rest_route=\/wp\/v2\/media\/3307"}],"wp:attachment":[{"href":"https:\/\/torkspor.com\/index.php?rest_route=%2Fwp%2Fv2%2Fmedia&parent=3300"}],"wp:term":[{"taxonomy":"category","embeddable":true,"href":"https:\/\/torkspor.com\/index.php?rest_route=%2Fwp%2Fv2%2Fcategories&post=3300"},{"taxonomy":"post_tag","embeddable":true,"href":"https:\/\/torkspor.com\/index.php?rest_route=%2Fwp%2Fv2%2Ftags&post=3300"}],"curies":[{"name":"wp","href":"https:\/\/api.w.org\/{rel}","templated":true}]}}