{"id":3311,"date":"2025-11-28T15:42:05","date_gmt":"2025-11-28T12:42:05","guid":{"rendered":"https:\/\/torkspor.com\/?p=3311"},"modified":"2025-11-28T15:42:08","modified_gmt":"2025-11-28T12:42:08","slug":"texaco-team-ams-avrupada-turk-bayragini-zirveye-tasiyan-sampiyonlar","status":"publish","type":"post","link":"https:\/\/torkspor.com\/?p=3311","title":{"rendered":"TEXACO Team AMS \u2013 Avrupa\u2019da T\u00fcrk Bayra\u011f\u0131n\u0131 Zirveye Ta\u015f\u0131yan \u015eampiyonlar!"},"content":{"rendered":"\n<p><strong>Avrupa\u2019n\u0131n en prestijli dayan\u0131kl\u0131l\u0131k serilerinden biri olan TCR European Endurance, bu y\u0131l finalini motor sporlar\u0131n\u0131n efsanevi mabedi say\u0131lan Misano World Circuit Marco Simoncelli\u2019de ger\u00e7ekle\u015ftirdi. Adriyatik r\u00fczg\u00e2rlar\u0131n\u0131n pist \u00fczerinde ta\u015f\u0131d\u0131\u011f\u0131 gece nemi, sar\u0131 \u0131\u015f\u0131klar\u0131n alt\u0131ndaki yar\u0131\u015f \u00e7izgileri ve trib\u00fcnlerdeki binlerce sporsever\u2026 Atmosfer muhte\u015femdi.<br>Ve o atmosferde bir detay vard\u0131: T\u00fcrk bayra\u011f\u0131n\u0131 g\u00f6\u011fs\u00fcnde ta\u015f\u0131yan tak\u0131m \u2013 TEXACO Team AMS.<\/strong><\/p>\n\n\n\n<figure class=\"wp-block-image size-large\"><img fetchpriority=\"high\" decoding=\"async\" width=\"1024\" height=\"687\" src=\"https:\/\/torkspor.com\/wp-content\/uploads\/2025\/11\/MisanoF-1-1024x687.jpg\" alt=\"\" class=\"wp-image-3313\" srcset=\"https:\/\/torkspor.com\/wp-content\/uploads\/2025\/11\/MisanoF-1-1024x687.jpg 1024w, https:\/\/torkspor.com\/wp-content\/uploads\/2025\/11\/MisanoF-1-300x201.jpg 300w, https:\/\/torkspor.com\/wp-content\/uploads\/2025\/11\/MisanoF-1-768x515.jpg 768w, https:\/\/torkspor.com\/wp-content\/uploads\/2025\/11\/MisanoF-1.jpg 1326w\" sizes=\"(max-width: 1024px) 100vw, 1024px\" \/><\/figure>\n\n\n\n<hr class=\"wp-block-separator has-alpha-channel-opacity\"\/>\n\n\n\n<h2 class=\"wp-block-heading\"><em>Bir T\u00fcrk Tak\u0131m\u0131 \u2013 Avrupa\u2019da \u0130ki Sezon \u00dcst \u00dcste \u015eampiyon!<\/em><\/h2>\n\n\n\n<p>2025 sezonu boyunca GEN1 kategorisinde yar\u0131\u015fan <strong>Sinan \u00c7ift\u00e7i \u2013 \u0130brahim Okyay<\/strong> ikilisi, ad\u0131m ad\u0131m gelen konsantre ba\u015far\u0131lar\u0131n\u0131 Misano\u2019da zirveye \u00e7\u0131kard\u0131. Sezonu genel klasmanda 3. s\u0131rada tamamlarken, kendi s\u0131n\u0131flar\u0131 olan <strong>TCR GEN1\u2019de \u015eAMP\u0130YON<\/strong> oldular.<\/p>\n\n\n\n<p>Bu ba\u015far\u0131 tesad\u00fcf de\u011fildi.<br>\u00c7\u00fcnk\u00fc ge\u00e7en sezon da yine ayn\u0131 ba\u015far\u0131ya imza atm\u0131\u015flard\u0131.<br>Ve \u015fimdi Avrupa\u2019da <strong>art arda iki y\u0131l \u015eampiyon<\/strong> olarak T\u00fcrk motor sporlar\u0131 tarihine alt\u0131n harflerle yaz\u0131ld\u0131lar.<\/p>\n\n\n\n<hr class=\"wp-block-separator has-alpha-channel-opacity\"\/>\n\n\n\n<h2 class=\"wp-block-heading\">Misano\u2019da Nefes Kesen Final<\/h2>\n\n\n\n<p>Final haftas\u0131nda hem g\u00fcnd\u00fcz hem gece ger\u00e7ekle\u015fen yar\u0131\u015flar nefes kesti:<br>Karanl\u0131kta 200 km\/s ile Misano\u2019nun k\u00f6r virajlar\u0131na dalan, farlar\u0131n asfalt \u00fcst\u00fcnde yaratt\u0131\u011f\u0131 \u0131\u015f\u0131k \u00e7izgilerini takip eden ara\u00e7lar\u2026<br>Stratejinin s\u00fcr\u00fc\u015f becerisiyle i\u00e7 i\u00e7e ge\u00e7ti\u011fi gece m\u00fccadelesinde <strong>TEXACO Team AMS<\/strong> kusursuz bir dayan\u0131kl\u0131l\u0131k performans\u0131 sergiledi.<\/p>\n\n\n\n<p>Risk yoktu, panik yoktu.<br>Uzun stint disiplinini bilen bir tak\u0131m vard\u0131:<br><strong>Pilotlar: \u00c7ift\u00e7i \u2013 Okyay.<br>Arkalar\u0131nda ise t\u00fcm T\u00fcrkiye.<\/strong><\/p>\n\n\n\n<figure class=\"wp-block-image size-large\"><img decoding=\"async\" width=\"1024\" height=\"683\" src=\"https:\/\/torkspor.com\/wp-content\/uploads\/2025\/11\/1K9A7152-1024x683.jpg\" alt=\"\" class=\"wp-image-3314\" srcset=\"https:\/\/torkspor.com\/wp-content\/uploads\/2025\/11\/1K9A7152-1024x683.jpg 1024w, https:\/\/torkspor.com\/wp-content\/uploads\/2025\/11\/1K9A7152-300x200.jpg 300w, https:\/\/torkspor.com\/wp-content\/uploads\/2025\/11\/1K9A7152-768x512.jpg 768w, https:\/\/torkspor.com\/wp-content\/uploads\/2025\/11\/1K9A7152-1536x1024.jpg 1536w, https:\/\/torkspor.com\/wp-content\/uploads\/2025\/11\/1K9A7152-2048x1365.jpg 2048w\" sizes=\"(max-width: 1024px) 100vw, 1024px\" \/><\/figure>\n\n\n\n<hr class=\"wp-block-separator has-alpha-channel-opacity\"\/>\n\n\n\n<h2 class=\"wp-block-heading\">Avrupa Turnesi: 4 Ayak \u2013 8 Yar\u0131\u015f \u2013 6 \u00dclke \u2013 22 Sporcu<\/h2>\n\n\n\n<p>Sezon boyunca;<\/p>\n\n\n\n<p><strong>\u0130talya, Slovakya, Macaristan, T\u00fcrkiye, Arjantin, Jamaika, Avusturya ve Makedonya\u2019dan toplam 22 sporcu<\/strong> m\u00fccadele etti.<\/p>\n\n\n\n<p>TEXACO Team AMS ise iki kategoriyle Avrupa sahnesinde yer ald\u0131:<\/p>\n\n\n\n<ul class=\"wp-block-list\">\n<li>GEN1 (\u00c7ift\u00e7i \u2013 Okyay) \u2192 <strong>\u015eampiyon<\/strong><\/li>\n\n\n\n<li>DSG s\u0131n\u0131f\u0131 (Berk Kalpakl\u0131o\u011flu \u2013 Umut G\u00f6kta\u015f) \u2192 <strong>4.\u2019l\u00fck<\/strong><\/li>\n\n\n\n<li>Tak\u0131mlar \u015eampiyonas\u0131nda \u2192 <strong>2.\u2019lik<\/strong><\/li>\n<\/ul>\n\n\n\n<figure class=\"wp-block-image size-large\"><img decoding=\"async\" width=\"1024\" height=\"683\" src=\"https:\/\/torkspor.com\/wp-content\/uploads\/2025\/11\/MisanoC-1024x683.jpg\" alt=\"\" class=\"wp-image-3316\" srcset=\"https:\/\/torkspor.com\/wp-content\/uploads\/2025\/11\/MisanoC-1024x683.jpg 1024w, https:\/\/torkspor.com\/wp-content\/uploads\/2025\/11\/MisanoC-300x200.jpg 300w, https:\/\/torkspor.com\/wp-content\/uploads\/2025\/11\/MisanoC-768x512.jpg 768w, https:\/\/torkspor.com\/wp-content\/uploads\/2025\/11\/MisanoC-1536x1024.jpg 1536w, https:\/\/torkspor.com\/wp-content\/uploads\/2025\/11\/MisanoC-2048x1365.jpg 2048w\" sizes=\"(max-width: 1024px) 100vw, 1024px\" \/><\/figure>\n\n\n\n<p>Yetmedi, sporcular toplad\u0131klar\u0131 puanlarla:<\/p>\n\n\n\n<ul class=\"wp-block-list\">\n<li><strong>Gentlemen Trophy \u2013 1.\u2019lik<\/strong><\/li>\n\n\n\n<li><strong>Junior Trophy \u2013 1.\u2019lik<\/strong><br>\u00f6d\u00fcllerini de kazand\u0131lar.<\/li>\n<\/ul>\n\n\n\n<hr class=\"wp-block-separator has-alpha-channel-opacity\"\/>\n\n\n\n<h2 class=\"wp-block-heading\">T\u00fcrkiye \u0130\u00e7in Ko\u015fan Bir Tak\u0131m<\/h2>\n\n\n\n<p>TEXACO Team AMS sadece yar\u0131\u015fmad\u0131.<br>T\u00fcrkiye\u2019yi temsil etti.<br>T\u00fcrk bayra\u011f\u0131n\u0131 Avrupa pistlerinde ta\u015f\u0131d\u0131.<br>T\u00fcrk motor sporlar\u0131 k\u00fclt\u00fcr\u00fcn\u00fc tan\u0131tt\u0131.<br>Ve her zaman oldu\u011fu gibi centilmenli\u011fini korudu.<\/p>\n\n\n\n<p>Tak\u0131m\u0131n sponsor kadrosu da bu ba\u015far\u0131da b\u00fcy\u00fck pay sahibi:<br><strong>Texaco (ana sponsor), Glasurit, Mirka, Sparco, Fikirmedya ve Turkrent<\/strong><br>Hem sahada hem arka planda g\u00fc\u00e7l\u00fc bir organizasyon\u2026<\/p>\n\n\n\n<hr class=\"wp-block-separator has-alpha-channel-opacity\"\/>\n\n\n\n<h2 class=\"wp-block-heading\">S\u0131radaki Hedef: \u0130STANBUL PARK<\/h2>\n\n\n\n<p>\u015eimdi g\u00f6zler <strong>29\u201330 Kas\u0131m<\/strong> tarihlerinde \u0130stanbul Park\u2019a \u00e7evrildi.<br>Tak\u0131mlar ve pilotlar klasman\u0131nda lider durumda bulunan AMS i\u00e7in hedef net:<\/p>\n\n\n\n<p><strong>T\u00fcrkiye Pist \u015eampiyonlu\u011fu \u2013 Evimizde kazan\u0131lacak.<\/strong><\/p>\n\n\n\n<p>Ve buna t\u00fcm T\u00fcrkiye \u015fahit olacak.<br>Trib\u00fcnlerde alk\u0131\u015flarla, pit duvar\u0131nda heyecanla, ekran ba\u015f\u0131nda gururla\u2026<\/p>\n\n\n\n<h2 class=\"wp-block-heading\">Son S\u00f6z<\/h2>\n\n\n\n<p>TEXACO Team AMS, Avrupa\u2019da elde etti\u011fi bu ard\u0131\u015f\u0131k \u015fampiyonlukla sadece kendi tarihine de\u011fil, <strong>T\u00fcrk motor sporlar\u0131 tarihine<\/strong> de imzas\u0131n\u0131 att\u0131.<\/p>\n\n\n\n<p>Bu ba\u015far\u0131;<br>stratejinin, disiplinin, tak\u0131m olman\u0131n, m\u00fchendisli\u011fin, \u00e7al\u0131\u015fman\u0131n ve <strong>bayra\u011f\u0131n\u0131 severek ta\u015f\u0131man\u0131n<\/strong> sonucudur.<\/p>\n\n\n\n<p><strong>Bravo AMS!<br>Bravo \u00c7ift\u00e7i &amp; Okyay!<br>Bravo T\u00fcrkiye!<\/strong><\/p>\n\n\n\n<p><\/p>\n","protected":false},"excerpt":{"rendered":"<p>Avrupa\u2019n\u0131n en prestijli dayan\u0131kl\u0131l\u0131k serilerinden biri olan TCR European Endurance, bu y\u0131l finalini motor sporlar\u0131n\u0131n efsanevi mabedi say\u0131lan Misano World<\/p>\n","protected":false},"author":2,"featured_media":3317,"comment_status":"open","ping_status":"open","sticky":false,"template":"","format":"standard","meta":{"footnotes":""},"categories":[3,5,2],"tags":[878,882,883,884,894,891,889,885,888,876,886,893,873,38,892,874,403,875,880,887,742,881,879,877,890,872],"class_list":["post-3311","post","type-post","status-publish","format-standard","has-post-thumbnail","hentry","category-dunyadasporcularimiz","category-haberler","category-pist","tag-avrupa-sampiyonasi","tag-berk-kalpaklioglu","tag-dayaniklilik-yarisi","tag-dsg-klasmani","tag-endurance-racing","tag-european-motorsport","tag-fikirmedya","tag-gen1-sampiyonlugu","tag-glasurit","tag-ibrahim-okyay","tag-istanbul-park","tag-mirka","tag-misano","tag-motorsport","tag-racing-team","tag-sinan-ciftci","tag-sparco","tag-tcr-european-endurance","tag-tcr-gen1","tag-texaco","tag-texaco-team-ams","tag-turk-motor-sporlari","tag-turkiye-pist-sampiyonasi","tag-turkiyeyi-temsil-eden-takim","tag-turkrent","tag-umut-goktas"],"magazineBlocksPostFeaturedMedia":{"thumbnail":"https:\/\/torkspor.com\/wp-content\/uploads\/2025\/11\/N1004052-150x150.jpg","medium":"https:\/\/torkspor.com\/wp-content\/uploads\/2025\/11\/N1004052-300x200.jpg","medium_large":"https:\/\/torkspor.com\/wp-content\/uploads\/2025\/11\/N1004052-768x512.jpg","large":"https:\/\/torkspor.com\/wp-content\/uploads\/2025\/11\/N1004052-1024x682.jpg","1536x1536":"https:\/\/torkspor.com\/wp-content\/uploads\/2025\/11\/N1004052-1536x1024.jpg","2048x2048":"https:\/\/torkspor.com\/wp-content\/uploads\/2025\/11\/N1004052-2048x1365.jpg","colormag-highlighted-post":"https:\/\/torkspor.com\/wp-content\/uploads\/2025\/11\/N1004052-392x272.jpg","colormag-featured-post-medium":"https:\/\/torkspor.com\/wp-content\/uploads\/2025\/11\/N1004052-390x205.jpg","colormag-featured-post-small":"https:\/\/torkspor.com\/wp-content\/uploads\/2025\/11\/N1004052-130x90.jpg","colormag-featured-image":"https:\/\/torkspor.com\/wp-content\/uploads\/2025\/11\/N1004052-800x445.jpg","colormag-default-news":"https:\/\/torkspor.com\/wp-content\/uploads\/2025\/11\/N1004052-150x150.jpg","colormag-featured-image-large":"https:\/\/torkspor.com\/wp-content\/uploads\/2025\/11\/N1004052-1400x600.jpg","colormag-elementor-block-extra-large-thumbnail":"https:\/\/torkspor.com\/wp-content\/uploads\/2025\/11\/N1004052-1155x480.jpg","colormag-elementor-grid-large-thumbnail":"https:\/\/torkspor.com\/wp-content\/uploads\/2025\/11\/N1004052-600x417.jpg","colormag-elementor-grid-small-thumbnail":"https:\/\/torkspor.com\/wp-content\/uploads\/2025\/11\/N1004052-285x450.jpg","colormag-elementor-grid-medium-large-thumbnail":"https:\/\/torkspor.com\/wp-content\/uploads\/2025\/11\/N1004052-575x198.jpg"},"magazineBlocksPostAuthor":{"name":"Okan \u00c7etiner","avatar":"https:\/\/secure.gravatar.com\/avatar\/0b8d387b873c3962ae491deaf4b94a08a9b0dbc2778155c139691933252f8856?s=96&d=mm&r=g"},"magazineBlocksPostCommentsNumber":"0","magazineBlocksPostExcerpt":"Avrupa\u2019n\u0131n en prestijli dayan\u0131kl\u0131l\u0131k serilerinden biri olan TCR European Endurance, bu y\u0131l finalini motor sporlar\u0131n\u0131n efsanevi mabedi say\u0131lan Misano World","magazineBlocksPostCategories":["D\u00fcnyada Sporcular\u0131m\u0131z","Haberler","Pist"],"magazine_blocks_featured_image_url":{"full":["https:\/\/torkspor.com\/wp-content\/uploads\/2025\/11\/N1004052-scaled.jpg",2560,1706,false],"medium":["https:\/\/torkspor.com\/wp-content\/uploads\/2025\/11\/N1004052-300x200.jpg",300,200,true],"thumbnail":["https:\/\/torkspor.com\/wp-content\/uploads\/2025\/11\/N1004052-150x150.jpg",150,150,true]},"magazine_blocks_author":{"display_name":"Okan \u00c7etiner","author_link":"https:\/\/torkspor.com\/?author=2"},"magazine_blocks_comment":6,"magazine_blocks_author_image":"https:\/\/secure.gravatar.com\/avatar\/0b8d387b873c3962ae491deaf4b94a08a9b0dbc2778155c139691933252f8856?s=96&d=mm&r=g","magazine_blocks_category":"<a href=\"https:\/\/torkspor.com\/?cat=3\" rel=\"category\">D\u00fcnyada Sporcular\u0131m\u0131z<\/a> <a href=\"https:\/\/torkspor.com\/?cat=5\" rel=\"category\">Haberler<\/a> <a href=\"https:\/\/torkspor.com\/?cat=2\" rel=\"category\">Pist<\/a>","_links":{"self":[{"href":"https:\/\/torkspor.com\/index.php?rest_route=\/wp\/v2\/posts\/3311","targetHints":{"allow":["GET"]}}],"collection":[{"href":"https:\/\/torkspor.com\/index.php?rest_route=\/wp\/v2\/posts"}],"about":[{"href":"https:\/\/torkspor.com\/index.php?rest_route=\/wp\/v2\/types\/post"}],"author":[{"embeddable":true,"href":"https:\/\/torkspor.com\/index.php?rest_route=\/wp\/v2\/users\/2"}],"replies":[{"embeddable":true,"href":"https:\/\/torkspor.com\/index.php?rest_route=%2Fwp%2Fv2%2Fcomments&post=3311"}],"version-history":[{"count":1,"href":"https:\/\/torkspor.com\/index.php?rest_route=\/wp\/v2\/posts\/3311\/revisions"}],"predecessor-version":[{"id":3318,"href":"https:\/\/torkspor.com\/index.php?rest_route=\/wp\/v2\/posts\/3311\/revisions\/3318"}],"wp:featuredmedia":[{"embeddable":true,"href":"https:\/\/torkspor.com\/index.php?rest_route=\/wp\/v2\/media\/3317"}],"wp:attachment":[{"href":"https:\/\/torkspor.com\/index.php?rest_route=%2Fwp%2Fv2%2Fmedia&parent=3311"}],"wp:term":[{"taxonomy":"category","embeddable":true,"href":"https:\/\/torkspor.com\/index.php?rest_route=%2Fwp%2Fv2%2Fcategories&post=3311"},{"taxonomy":"post_tag","embeddable":true,"href":"https:\/\/torkspor.com\/index.php?rest_route=%2Fwp%2Fv2%2Ftags&post=3311"}],"curies":[{"name":"wp","href":"https:\/\/api.w.org\/{rel}","templated":true}]}}