{"id":3329,"date":"2025-11-28T16:40:36","date_gmt":"2025-11-28T13:40:36","guid":{"rendered":"https:\/\/torkspor.com\/?p=3329"},"modified":"2025-11-28T17:49:57","modified_gmt":"2025-11-28T14:49:57","slug":"ayse-cebiden-korfezde-buyuk-gosteri-sampiyonluk-icin-geri-sayim-basladi","status":"publish","type":"post","link":"https:\/\/torkspor.com\/?p=3329","title":{"rendered":"Ay\u015fe \u00c7ebi\u2019den K\u00f6rfez\u2019de B\u00fcy\u00fck G\u00f6steri! \u015eampiyonluk \u0130\u00e7in Geri Say\u0131m Ba\u015flad\u0131"},"content":{"rendered":"\n<p>Kocaeli Karting ve Otomobil Spor Kul\u00fcb\u00fc (KO-KART) taraf\u0131ndan TOSFED K\u00f6rfez Karting Pisti\u2019nde d\u00fczenlenen <strong>MOTUL 2025 T\u00fcrkiye Karting \u015eampiyonas\u0131 6. ayak yar\u0131\u015flar\u0131<\/strong>, gerek rekabetin sertli\u011fi gerek izleyici ilgisiyle sezonun en heyecanl\u0131 bulu\u015fmalar\u0131ndan biri oldu.<\/p>\n\n\n\n<p>Kocaeli B\u00fcy\u00fck\u015fehir Belediyesi, Spor Toto, MOTUL ve Sony katk\u0131lar\u0131yla ger\u00e7ekle\u015fen organizasyonda, <strong>5 kategoride toplam 51 sporcu<\/strong> m\u00fccadele etti. Trib\u00fcnler doldu, pit alan\u0131 nefes kesen bir tempoyla \u00e7al\u0131\u015ft\u0131, pistte ise her tur adeta matematiksel bir h\u0131z ve \u00f6zg\u00fcven denemesine d\u00f6n\u00fc\u015ft\u00fc.<\/p>\n\n\n\n<figure class=\"wp-block-image size-large\"><img fetchpriority=\"high\" decoding=\"async\" width=\"1024\" height=\"683\" src=\"https:\/\/torkspor.com\/wp-content\/uploads\/2025\/11\/DSC08517-1024x683.jpeg\" alt=\"\" class=\"wp-image-3330\" srcset=\"https:\/\/torkspor.com\/wp-content\/uploads\/2025\/11\/DSC08517-1024x683.jpeg 1024w, https:\/\/torkspor.com\/wp-content\/uploads\/2025\/11\/DSC08517-300x200.jpeg 300w, https:\/\/torkspor.com\/wp-content\/uploads\/2025\/11\/DSC08517-768x512.jpeg 768w, https:\/\/torkspor.com\/wp-content\/uploads\/2025\/11\/DSC08517-1536x1024.jpeg 1536w, https:\/\/torkspor.com\/wp-content\/uploads\/2025\/11\/DSC08517-2048x1365.jpeg 2048w\" sizes=\"(max-width: 1024px) 100vw, 1024px\" \/><\/figure>\n\n\n\n<hr class=\"wp-block-separator has-alpha-channel-opacity\"\/>\n\n\n\n<h2 class=\"wp-block-heading\"><strong>Milli Gururumuz Ay\u015fe \u00c7ebi \u2013 Kad\u0131n G\u00fcc\u00fcn\u00fcn En Somut \u0130fadesi<\/strong><\/h2>\n\n\n\n<p>BOM Karting Team Sporcusu, 17 ya\u015f\u0131ndaki milli sporcu <strong>Ay\u015fe \u00c7ebi<\/strong>, hafta sonunun ba\u015f\u0131ndan sonuna kadar senior kategorinin ana hik\u00e2yesi oldu.<br>Eleme turlar\u0131nda lider, yar\u0131 finalde lider\u2026<br>Final yar\u0131\u015f\u0131nda ise pistin en h\u0131zl\u0131 turunu atarak rakipsiz h\u0131z\u0131n\u0131 g\u00f6sterdi, ancak damal\u0131 bayra\u011fa gelirken sadece <strong>0.115 saniye<\/strong> farkla ikincili\u011fe raz\u0131 oldu.<\/p>\n\n\n\n<p>Bu sonu\u00e7la birlikte puanlar rakibiyle e\u015fitlendi, fakat <strong>daha fazla yar\u0131\u015f galibiyeti<\/strong> bulundu\u011fu i\u00e7in \u00c7ebi, \u015fampiyona liderli\u011fini korumay\u0131 ba\u015fard\u0131.<\/p>\n\n\n\n<p>Bu durum, yaln\u0131zca bir puan tablosu ayr\u0131nt\u0131s\u0131 de\u011fil \u2014 \u00c7ebi\u2019nin sezon boyu sergiledi\u011fi <strong>\u00fcst d\u00fczey istikrar\u0131n<\/strong> g\u00f6stergesi.<\/p>\n\n\n\n<hr class=\"wp-block-separator has-alpha-channel-opacity\"\/>\n\n\n\n<figure class=\"wp-block-image size-large\"><img decoding=\"async\" width=\"683\" height=\"1024\" src=\"https:\/\/torkspor.com\/wp-content\/uploads\/2025\/11\/IGM09664-683x1024.jpeg\" alt=\"\" class=\"wp-image-3331\" srcset=\"https:\/\/torkspor.com\/wp-content\/uploads\/2025\/11\/IGM09664-683x1024.jpeg 683w, https:\/\/torkspor.com\/wp-content\/uploads\/2025\/11\/IGM09664-200x300.jpeg 200w, https:\/\/torkspor.com\/wp-content\/uploads\/2025\/11\/IGM09664-768x1151.jpeg 768w, https:\/\/torkspor.com\/wp-content\/uploads\/2025\/11\/IGM09664-1025x1536.jpeg 1025w, https:\/\/torkspor.com\/wp-content\/uploads\/2025\/11\/IGM09664-1366x2048.jpeg 1366w, https:\/\/torkspor.com\/wp-content\/uploads\/2025\/11\/IGM09664-scaled.jpeg 1708w\" sizes=\"(max-width: 683px) 100vw, 683px\" \/><\/figure>\n\n\n\n<h2 class=\"wp-block-heading\"><strong>Avrupa Tecr\u00fcbesi \u015eimdi T\u00fcrkiye\u2019yi \u015eampiyonlu\u011fa Ta\u015f\u0131yor<\/strong><\/h2>\n\n\n\n<p>Ay\u015fe \u00c7ebi;<\/p>\n\n\n\n<ul class=\"wp-block-list\">\n<li>Avrupa\u2019da <strong>100\u2019\u00fcn \u00fczerinde yar\u0131\u015f<\/strong> tecr\u00fcbesi bulunan ilk T\u00fcrk kad\u0131n milli karting sporcusu,<\/li>\n\n\n\n<li>Uluslararas\u0131 tecr\u00fcbeyi T\u00fcrkiye pistlerine ta\u015f\u0131yan gen\u00e7 bir lider,<\/li>\n\n\n\n<li>ve bu sporda kad\u0131nlar\u0131n sadece var olmad\u0131\u011f\u0131n\u0131, en \u00fcst basamakta yer alabilece\u011fini kan\u0131tlayan g\u00fc\u00e7l\u00fc bir sembol.<\/li>\n<\/ul>\n\n\n\n<p>Bu sezon U\u015fak\u2019ta ve K\u00f6rfez\u2019de ad\u0131m ad\u0131m t\u0131rmand\u0131\u011f\u0131 galibiyet serisiyle, <strong>\u201cba\u015far\u0131 cinsiyet tan\u0131maz\u201d<\/strong> mesaj\u0131n\u0131 sadece s\u00f6ylem de\u011fil, sonu\u00e7larla ifade eden bir sportif duru\u015f sergiliyor.<\/p>\n\n\n\n<hr class=\"wp-block-separator has-alpha-channel-opacity\"\/>\n\n\n\n<h2 class=\"wp-block-heading\"><strong>Hedef: K\u00f6rfez\u2019de \u015eampiyonluk<\/strong><\/h2>\n\n\n\n<p>13\u201314 Aral\u0131k tarihlerinde yine TOSFED K\u00f6rfez Pisti\u2019nde ger\u00e7ekle\u015fecek sezon finalinde Ay\u015fe \u00c7ebi, \u015fampiyonluk i\u00e7in direksiyon ba\u015f\u0131na ge\u00e7ecek.<br>Rakipleri g\u00fc\u00e7l\u00fc\u2026<br>Rekabet yak\u0131n\u2026<br>Fakat Ay\u015fe, h\u0131z\u0131n\u0131 ve \u00f6zg\u00fcvenini performans\u0131yla herkese g\u00f6sterdi:<\/p>\n\n\n\n<p><strong>\u201cBen haz\u0131r\u0131m.\u201d<\/strong><\/p>\n\n\n\n<hr class=\"wp-block-separator has-alpha-channel-opacity\"\/>\n\n\n\n<h2 class=\"wp-block-heading\"><strong>Sonu\u00e7<\/strong><\/h2>\n\n\n\n<p>K\u00f6rfez\u2019de ge\u00e7en bu dolu dolu hafta sonu \u015funu g\u00f6sterdi:<br>T\u00fcrkiye, karting sporunda art\u0131k yaln\u0131zca yar\u0131\u015fan de\u011fil, yeti\u015ftiren ve d\u00fcnyaya \u00f6rnek olan bir sporcu jenerasyonuna sahip.<\/p>\n\n\n\n<p>Ay\u015fe \u00c7ebi ise bu jenerasyonun ba\u015frol\u00fcnde, T\u00fcrk motor sporlar\u0131 tarihine ad\u0131n\u0131 yazd\u0131rmaya haz\u0131rlan\u0131yor.<\/p>\n\n\n\n<p><\/p>\n","protected":false},"excerpt":{"rendered":"<p>Kocaeli Karting ve Otomobil Spor Kul\u00fcb\u00fc (KO-KART) taraf\u0131ndan TOSFED K\u00f6rfez Karting Pisti\u2019nde d\u00fczenlenen MOTUL 2025 T\u00fcrkiye Karting \u015eampiyonas\u0131 6. ayak<\/p>\n","protected":false},"author":2,"featured_media":3280,"comment_status":"open","ping_status":"open","sticky":false,"template":"","format":"standard","meta":{"footnotes":""},"categories":[1,5,25],"tags":[],"class_list":["post-3329","post","type-post","status-publish","format-standard","has-post-thumbnail","hentry","category-genel","category-haberler","category-karting"],"magazineBlocksPostFeaturedMedia":{"thumbnail":"https:\/\/torkspor.com\/wp-content\/uploads\/2025\/11\/ayse-5-150x150.jpg","medium":"https:\/\/torkspor.com\/wp-content\/uploads\/2025\/11\/ayse-5-300x200.jpg","medium_large":"https:\/\/torkspor.com\/wp-content\/uploads\/2025\/11\/ayse-5-768x512.jpg","large":"https:\/\/torkspor.com\/wp-content\/uploads\/2025\/11\/ayse-5-1024x683.jpg","1536x1536":"https:\/\/torkspor.com\/wp-content\/uploads\/2025\/11\/ayse-5-1536x1024.jpg","2048x2048":"https:\/\/torkspor.com\/wp-content\/uploads\/2025\/11\/ayse-5-2048x1366.jpg","colormag-highlighted-post":"https:\/\/torkspor.com\/wp-content\/uploads\/2025\/11\/ayse-5-392x272.jpg","colormag-featured-post-medium":"https:\/\/torkspor.com\/wp-content\/uploads\/2025\/11\/ayse-5-390x205.jpg","colormag-featured-post-small":"https:\/\/torkspor.com\/wp-content\/uploads\/2025\/11\/ayse-5-130x90.jpg","colormag-featured-image":"https:\/\/torkspor.com\/wp-content\/uploads\/2025\/11\/ayse-5-800x445.jpg","colormag-default-news":"https:\/\/torkspor.com\/wp-content\/uploads\/2025\/11\/ayse-5-150x150.jpg","colormag-featured-image-large":"https:\/\/torkspor.com\/wp-content\/uploads\/2025\/11\/ayse-5-1400x600.jpg","colormag-elementor-block-extra-large-thumbnail":"https:\/\/torkspor.com\/wp-content\/uploads\/2025\/11\/ayse-5-1155x480.jpg","colormag-elementor-grid-large-thumbnail":"https:\/\/torkspor.com\/wp-content\/uploads\/2025\/11\/ayse-5-600x417.jpg","colormag-elementor-grid-small-thumbnail":"https:\/\/torkspor.com\/wp-content\/uploads\/2025\/11\/ayse-5-285x450.jpg","colormag-elementor-grid-medium-large-thumbnail":"https:\/\/torkspor.com\/wp-content\/uploads\/2025\/11\/ayse-5-575x198.jpg"},"magazineBlocksPostAuthor":{"name":"Okan \u00c7etiner","avatar":"https:\/\/secure.gravatar.com\/avatar\/0b8d387b873c3962ae491deaf4b94a08a9b0dbc2778155c139691933252f8856?s=96&d=mm&r=g"},"magazineBlocksPostCommentsNumber":"0","magazineBlocksPostExcerpt":"Kocaeli Karting ve Otomobil Spor Kul\u00fcb\u00fc (KO-KART) taraf\u0131ndan TOSFED K\u00f6rfez Karting Pisti\u2019nde d\u00fczenlenen MOTUL 2025 T\u00fcrkiye Karting \u015eampiyonas\u0131 6. ayak","magazineBlocksPostCategories":["Genel","Haberler","Karting"],"magazine_blocks_featured_image_url":{"full":["https:\/\/torkspor.com\/wp-content\/uploads\/2025\/11\/ayse-5.jpg",2102,1402,false],"medium":["https:\/\/torkspor.com\/wp-content\/uploads\/2025\/11\/ayse-5-300x200.jpg",300,200,true],"thumbnail":["https:\/\/torkspor.com\/wp-content\/uploads\/2025\/11\/ayse-5-150x150.jpg",150,150,true]},"magazine_blocks_author":{"display_name":"Okan \u00c7etiner","author_link":"https:\/\/torkspor.com\/?author=2"},"magazine_blocks_comment":9,"magazine_blocks_author_image":"https:\/\/secure.gravatar.com\/avatar\/0b8d387b873c3962ae491deaf4b94a08a9b0dbc2778155c139691933252f8856?s=96&d=mm&r=g","magazine_blocks_category":"<a href=\"https:\/\/torkspor.com\/?cat=1\" rel=\"category\">Genel<\/a> <a href=\"https:\/\/torkspor.com\/?cat=5\" rel=\"category\">Haberler<\/a> <a href=\"https:\/\/torkspor.com\/?cat=25\" rel=\"category\">Karting<\/a>","_links":{"self":[{"href":"https:\/\/torkspor.com\/index.php?rest_route=\/wp\/v2\/posts\/3329","targetHints":{"allow":["GET"]}}],"collection":[{"href":"https:\/\/torkspor.com\/index.php?rest_route=\/wp\/v2\/posts"}],"about":[{"href":"https:\/\/torkspor.com\/index.php?rest_route=\/wp\/v2\/types\/post"}],"author":[{"embeddable":true,"href":"https:\/\/torkspor.com\/index.php?rest_route=\/wp\/v2\/users\/2"}],"replies":[{"embeddable":true,"href":"https:\/\/torkspor.com\/index.php?rest_route=%2Fwp%2Fv2%2Fcomments&post=3329"}],"version-history":[{"count":1,"href":"https:\/\/torkspor.com\/index.php?rest_route=\/wp\/v2\/posts\/3329\/revisions"}],"predecessor-version":[{"id":3332,"href":"https:\/\/torkspor.com\/index.php?rest_route=\/wp\/v2\/posts\/3329\/revisions\/3332"}],"wp:featuredmedia":[{"embeddable":true,"href":"https:\/\/torkspor.com\/index.php?rest_route=\/wp\/v2\/media\/3280"}],"wp:attachment":[{"href":"https:\/\/torkspor.com\/index.php?rest_route=%2Fwp%2Fv2%2Fmedia&parent=3329"}],"wp:term":[{"taxonomy":"category","embeddable":true,"href":"https:\/\/torkspor.com\/index.php?rest_route=%2Fwp%2Fv2%2Fcategories&post=3329"},{"taxonomy":"post_tag","embeddable":true,"href":"https:\/\/torkspor.com\/index.php?rest_route=%2Fwp%2Fv2%2Ftags&post=3329"}],"curies":[{"name":"wp","href":"https:\/\/api.w.org\/{rel}","templated":true}]}}