{"id":3334,"date":"2025-12-03T12:43:44","date_gmt":"2025-12-03T09:43:44","guid":{"rendered":"https:\/\/torkspor.com\/?p=3334"},"modified":"2025-12-03T12:43:47","modified_gmt":"2025-12-03T09:43:47","slug":"kerem-kazaz-zor-gunu-sampiyonlukla-taclandirdi","status":"publish","type":"post","link":"https:\/\/torkspor.com\/?p=3334","title":{"rendered":"KEREM KAZAZ ZOR G\u00dcN\u00dc \u015eAMP\u0130YONLUKLA TA\u00c7LANDIRDI!"},"content":{"rendered":"\n<p><strong>Petrol Ofisi Maxima 2025 T\u00fcrkiye Ralli \u015eampiyonas\u0131 6. yar\u0131\u015f\u0131 olan&nbsp;Orhan Y\u00fcce 45.\u0130stanbul Rallisi nefesleri kesti.<\/strong><\/p>\n\n\n\n<p>&nbsp;47 ekibin start al\u0131p, 28 ekibin tamamlayabildi\u011fi zorlu ralli, \u0130stanbul Otomobil Spor Kul\u00fcb\u00fc (\u0130SOK) taraf\u0131ndan Y\u00fcce Auto, Spor Toto, Remed Assistance, Sardunya, Salados, Fora Ara\u00e7 Takip, Power App, Auto Club, Sardunya, T.T.O.K. ve Tuzla Belediyesi katk\u0131lar\u0131yla d\u00fczenlendi.<\/p>\n\n\n\n<figure class=\"wp-block-image size-large\"><img fetchpriority=\"high\" decoding=\"async\" width=\"1024\" height=\"683\" src=\"https:\/\/torkspor.com\/wp-content\/uploads\/2025\/12\/RV2_7441-1024x683.jpg\" alt=\"\" class=\"wp-image-3336\" srcset=\"https:\/\/torkspor.com\/wp-content\/uploads\/2025\/12\/RV2_7441-1024x683.jpg 1024w, https:\/\/torkspor.com\/wp-content\/uploads\/2025\/12\/RV2_7441-300x200.jpg 300w, https:\/\/torkspor.com\/wp-content\/uploads\/2025\/12\/RV2_7441-768x512.jpg 768w, https:\/\/torkspor.com\/wp-content\/uploads\/2025\/12\/RV2_7441-1536x1025.jpg 1536w, https:\/\/torkspor.com\/wp-content\/uploads\/2025\/12\/RV2_7441-2048x1366.jpg 2048w\" sizes=\"(max-width: 1024px) 100vw, 1024px\" \/><\/figure>\n\n\n\n<p>KEREM KAZAZ \u2013 CORENTIN SILVESTRE, SABIRLA BEKLED\u0130 VE \u015eAMP\u0130YON OLDU.<\/p>\n\n\n\n<p><strong>Birinci Etap: Petrol Ofisi Maxima. 14,88 kilometrelik k\u0131r\u0131c\u0131 a\u00e7\u0131l\u0131\u015f.<\/strong><br>Kerem daha ilk etapta lastik patlat\u0131nca moral bozuldu.<br>Buna ra\u011fmen 11:36.7 yaparak liderin +24.4 gerisinde kald\u0131 ve g\u00fcn\u00fc kontroll\u00fc bir \u015fekilde s\u00fcrd\u00fcrmeye devam etti.<\/p>\n\n\n\n<p><strong>\u0130kinci etap: Y\u00fcce Oto\u2019nun ilk ge\u00e7i\u015fi.<\/strong><br>Bu etap Kerem\u2019in geri d\u00f6n\u00fc\u015f sahnesi oldu.<br>Ayaklar\u0131 yerden kesen, kusursuz bir atak\u2026<br>09:02.1 ile scratch zaman\u0131n\u0131 ald\u0131 ve sabah ya\u015fanan moral kayb\u0131n\u0131 saniyeler i\u00e7inde telafi etti.<\/p>\n\n\n\n<figure class=\"wp-block-image size-large\"><img decoding=\"async\" width=\"1024\" height=\"683\" src=\"https:\/\/torkspor.com\/wp-content\/uploads\/2025\/12\/RV__2431-1024x683.jpg\" alt=\"\" class=\"wp-image-3335\" srcset=\"https:\/\/torkspor.com\/wp-content\/uploads\/2025\/12\/RV__2431-1024x683.jpg 1024w, https:\/\/torkspor.com\/wp-content\/uploads\/2025\/12\/RV__2431-300x200.jpg 300w, https:\/\/torkspor.com\/wp-content\/uploads\/2025\/12\/RV__2431-768x512.jpg 768w, https:\/\/torkspor.com\/wp-content\/uploads\/2025\/12\/RV__2431-1536x1025.jpg 1536w, https:\/\/torkspor.com\/wp-content\/uploads\/2025\/12\/RV__2431-2048x1366.jpg 2048w\" sizes=\"(max-width: 1024px) 100vw, 1024px\" \/><\/figure>\n\n\n\n<p><strong>\u00dc\u00e7\u00fcnc\u00fc etap: Maxima\u2019n\u0131n ikinci ge\u00e7i\u015fi.<\/strong><br>Ayar sorunu devam etti, Hyundai i20 N Rally2 \u00f6zellikle h\u0131zl\u0131 sol virajlarda beklenenden fazla kontra gerektirdi.<br>Kerem burada bir spin daha ya\u015fad\u0131 ve 11:17.3 ile etab\u0131 tamamlad\u0131.<\/p>\n\n\n\n<p><strong>D\u00f6rd\u00fcnc\u00fc etap: Y\u00fcce Oto\u2019nun kapan\u0131\u015f ge\u00e7i\u015fi.<\/strong><br>Bu etap Kerem\u2019in karakterini yeniden g\u00f6sterdi.<br>Sol arka amortis\u00f6r\u00fc k\u0131r\u0131k bir otomobille bile y\u00fcksek tempoda fini\u015fe geldi.<br>08:50.4\u2019l\u00fck zamanla etab\u0131 tamamlad\u0131 ve g\u00fcn \u00fc\u00e7l\u00fcs\u00fcndeki yerini garantiledi.<\/p>\n\n\n\n<p>G\u00fcn\u00fcn sonunda Kerem Kazaz:<br><strong>\u201cArabadan istedi\u011fimi alamad\u0131m ama \u015fampiyon olmak her \u015feye bedel. Bug\u00fcn burada kazan\u0131lan tecr\u00fcbe \u00e7ok de\u011ferli.\u201d<\/strong><\/p>\n\n\n\n<p>Kerem Kazaz \u2013 Korentin Silvest ekibi \u0130stanbul Rallisi\u2019nin ilk g\u00fcn\u00fcn\u00fc <strong>genel klasman \u00fc\u00e7\u00fcnc\u00fcs\u00fc<\/strong> olarak tamamlad\u0131.<\/p>\n\n\n\n<figure class=\"wp-block-image size-large\"><img decoding=\"async\" width=\"1024\" height=\"683\" src=\"https:\/\/torkspor.com\/wp-content\/uploads\/2025\/12\/TRM_2833-1024x683.jpg\" alt=\"\" class=\"wp-image-3337\" srcset=\"https:\/\/torkspor.com\/wp-content\/uploads\/2025\/12\/TRM_2833-1024x683.jpg 1024w, https:\/\/torkspor.com\/wp-content\/uploads\/2025\/12\/TRM_2833-300x200.jpg 300w, https:\/\/torkspor.com\/wp-content\/uploads\/2025\/12\/TRM_2833-768x512.jpg 768w, https:\/\/torkspor.com\/wp-content\/uploads\/2025\/12\/TRM_2833-1536x1024.jpg 1536w, https:\/\/torkspor.com\/wp-content\/uploads\/2025\/12\/TRM_2833-2048x1366.jpg 2048w\" sizes=\"(max-width: 1024px) 100vw, 1024px\" \/><\/figure>\n\n\n\n<p>PAZAR G\u00dcN\u00dc ISLAK ZEM\u0130N, \u00c7AMURLU YOLLAR VE \u015eAMP\u0130YONLU\u011eA SADECE 4 ETAP KALDI.<\/p>\n\n\n\n<p>Pazar G\u00fcn\u00fc 3 Etap Galibiyeti, Power Stage Birincili\u011fi ve \u015eampiyonluk Bir Arada!**<\/p>\n\n\n\n<p>2025 \u0130stanbul Rallisi\u2019nin Pazar g\u00fcn\u00fc, gen\u00e7 milli sporcu Kerem Kazaz \u2013 Corentin Silvestre ikilisinin adeta karakter s\u0131nav\u0131yd\u0131\u2026 Zor etaplar, teknik sorunlar, patlayan lastik, k\u0131r\u0131lan amortis\u00f6r\u2026<\/p>\n\n\n\n<p>Ama gen\u00e7 y\u0131ld\u0131z, t\u00fcm engelleri a\u015farak 2025 T\u00fcrkiye Ralli Pilotlar \u015eampiyonlu\u011funu da resmen ilan etti.<\/p>\n\n\n\n<p>5. Etap: Patlak Lastikle M\u00fcthi\u015f Performans<\/p>\n\n\n\n<p>Rallinin 5. etab\u0131nda Kerem Kazaz talihsiz bir \u015fekilde lastik patlatt\u0131. Buna ra\u011fmen tempoyu d\u00fc\u015f\u00fcrmeyip m\u00fcthi\u015f bir kontrol ortaya koyarak 4. en iyi zaman\u0131 elde etmeyi ba\u015fard\u0131.<\/p>\n\n\n\n<p>Bu performans, g\u00fcn\u00fcn geri kalan\u0131n\u0131n da habercisiydi.<\/p>\n\n\n\n<figure class=\"wp-block-image size-large\"><img loading=\"lazy\" decoding=\"async\" width=\"1024\" height=\"683\" src=\"https:\/\/torkspor.com\/wp-content\/uploads\/2025\/12\/TRM_4421-1024x683.jpg\" alt=\"\" class=\"wp-image-3338\" srcset=\"https:\/\/torkspor.com\/wp-content\/uploads\/2025\/12\/TRM_4421-1024x683.jpg 1024w, https:\/\/torkspor.com\/wp-content\/uploads\/2025\/12\/TRM_4421-300x200.jpg 300w, https:\/\/torkspor.com\/wp-content\/uploads\/2025\/12\/TRM_4421-768x512.jpg 768w, https:\/\/torkspor.com\/wp-content\/uploads\/2025\/12\/TRM_4421-1536x1024.jpg 1536w, https:\/\/torkspor.com\/wp-content\/uploads\/2025\/12\/TRM_4421-2048x1365.jpg 2048w\" sizes=\"(max-width: 1024px) 100vw, 1024px\" \/><\/figure>\n\n\n\n<p>6. Etap: Yeniden Y\u00fckseli\u015f \u2013 3.\u2019l\u00fck<\/p>\n\n\n\n<p>Teknik sorunlara ra\u011fmen moralini bozmayan Team Petrol Ofisi ekibi, 6. etapta tempoyu geri y\u00fckseltti att\u0131klar\u0131 spine ve kaybedilen 10 saniyeye ra\u011fmen 3. en iyi zaman\u0131 elde ederek yeniden podyum ritmine d\u00f6nd\u00fc.<\/p>\n\n\n\n<p>7. Etap: Best Time \u2013 G\u00fcn\u00fcn \u0130lk Etap Zaferi.<\/p>\n\n\n\n<p>Etapta Kerem Kazaz direksiyon ba\u015f\u0131nda adeta parlad\u0131.<\/p>\n\n\n\n<p>Temiz, ak\u0131c\u0131 ve hatas\u0131z s\u00fcr\u00fc\u015f\u00fcyle Best Time yapt\u0131 ve g\u00fcn\u00fcn ilk etap birincili\u011fini hanesine yazd\u0131rd\u0131.<\/p>\n\n\n\n<p>8. Etap (Power Stage): Patlak Amortis\u00f6re Ra\u011fmen Best Time!<\/p>\n\n\n\n<p>G\u00fcn\u00fcn son etab\u0131 ayn\u0131 zamanda Power Stage\u2019di ve ekstra 5 puan veriliyordu.<\/p>\n\n\n\n<p>Kerem etaba patlak amortis\u00f6rle girdi, ama en \u00fcz\u00fcc\u00fc taraf ise, Bu\u011fra Banaz&#8217;\u0131n takla atmas\u0131 oldu. Kerem bu duruma \u00e7ok \u00fcz\u00fcld\u00fc. 19 Ya\u015f\u0131nda ki, gen\u00e7 Milli sporcu Kerem Kazaz b\u00fcy\u00fck bir olgunlukla sakin kald\u0131 ve etab\u0131 kazanarak ekstra 5 puan\u0131 ald\u0131. Ralli&#8217;yi Bu\u011fra&#8217;n\u0131n kalmas\u0131yla ikinci s\u0131rada tamamlayarak 2025 T\u00fcrkiye Ralli Pilotlar \u015fampiyonu oldu.<\/p>\n\n\n\n<p>Ama\u00e7 belliydi bir kez daha Tarih Yazmak. Planlar i\u015fe yarad\u0131 ve Kerem Ralliyi Kazanarak \u00fcst \u00fcste ikinci \u015eampiyonlu\u011funa ula\u015ft\u0131. &nbsp;Yine bir kas\u0131m ay\u0131nda, yine&nbsp; \u0130stanbul\u2019da \u015fampiyonlu\u011fu \u0130lan etti!<\/p>\n\n\n\n<p>Kerem Kazaz, \u0130stanbul Rallisini toplam 3 etap zaferi, y\u00fcksek tempo, teknik sorunlara kar\u015f\u0131 verdi\u011fi b\u00fcy\u00fck m\u00fccadele ve istikrarl\u0131 performans\u0131yla, hedefe emin ad\u0131mlarla ilerledi ve podyumun ikinci basama\u011f\u0131na \u00e7\u0131karak, zor ge\u00e7en sezonu \u015eampiyonluk kupas\u0131yla ta\u00e7land\u0131rd\u0131.<\/p>\n\n\n\n<p>Ve bu hafta. Sezonun son randevusu Kocaeli\u2019de ger\u00e7ekle\u015fecek. Kerem Kazaz \u015fampiyonluk kutlamas\u0131n\u0131, Kocaeli zaferiyle birlikte yapmak istiyor. 6-7 Aral\u0131k\u2019ta Kocaeli Rallisi ile sezon kapan\u0131yor. Heyecan dorukta, bakal\u0131m gen\u00e7 \u015fampiyon sezon perdesini<\/p>\n\n\n\n<p>&nbsp;Zaferle kapatacak m\u0131? Kerem Kazaz ve ekibine ba\u015far\u0131lar diliyoruz.<\/p>\n","protected":false},"excerpt":{"rendered":"<p>Petrol Ofisi Maxima 2025 T\u00fcrkiye Ralli \u015eampiyonas\u0131 6. yar\u0131\u015f\u0131 olan&nbsp;Orhan Y\u00fcce 45.\u0130stanbul Rallisi nefesleri kesti. &nbsp;47 ekibin start al\u0131p, 28<\/p>\n","protected":false},"author":2,"featured_media":3339,"comment_status":"open","ping_status":"open","sticky":false,"template":"","format":"standard","meta":{"footnotes":""},"categories":[1,5,21],"tags":[],"class_list":["post-3334","post","type-post","status-publish","format-standard","has-post-thumbnail","hentry","category-genel","category-haberler","category-ralli"],"magazineBlocksPostFeaturedMedia":{"thumbnail":"https:\/\/torkspor.com\/wp-content\/uploads\/2025\/12\/TRM_5481-150x150.jpg","medium":"https:\/\/torkspor.com\/wp-content\/uploads\/2025\/12\/TRM_5481-300x200.jpg","medium_large":"https:\/\/torkspor.com\/wp-content\/uploads\/2025\/12\/TRM_5481-768x512.jpg","large":"https:\/\/torkspor.com\/wp-content\/uploads\/2025\/12\/TRM_5481-1024x683.jpg","1536x1536":"https:\/\/torkspor.com\/wp-content\/uploads\/2025\/12\/TRM_5481-1536x1024.jpg","2048x2048":"https:\/\/torkspor.com\/wp-content\/uploads\/2025\/12\/TRM_5481-2048x1365.jpg","colormag-highlighted-post":"https:\/\/torkspor.com\/wp-content\/uploads\/2025\/12\/TRM_5481-392x272.jpg","colormag-featured-post-medium":"https:\/\/torkspor.com\/wp-content\/uploads\/2025\/12\/TRM_5481-390x205.jpg","colormag-featured-post-small":"https:\/\/torkspor.com\/wp-content\/uploads\/2025\/12\/TRM_5481-130x90.jpg","colormag-featured-image":"https:\/\/torkspor.com\/wp-content\/uploads\/2025\/12\/TRM_5481-800x445.jpg","colormag-default-news":"https:\/\/torkspor.com\/wp-content\/uploads\/2025\/12\/TRM_5481-150x150.jpg","colormag-featured-image-large":"https:\/\/torkspor.com\/wp-content\/uploads\/2025\/12\/TRM_5481-1400x600.jpg","colormag-elementor-block-extra-large-thumbnail":"https:\/\/torkspor.com\/wp-content\/uploads\/2025\/12\/TRM_5481-1155x480.jpg","colormag-elementor-grid-large-thumbnail":"https:\/\/torkspor.com\/wp-content\/uploads\/2025\/12\/TRM_5481-600x417.jpg","colormag-elementor-grid-small-thumbnail":"https:\/\/torkspor.com\/wp-content\/uploads\/2025\/12\/TRM_5481-285x450.jpg","colormag-elementor-grid-medium-large-thumbnail":"https:\/\/torkspor.com\/wp-content\/uploads\/2025\/12\/TRM_5481-575x198.jpg"},"magazineBlocksPostAuthor":{"name":"Okan \u00c7etiner","avatar":"https:\/\/secure.gravatar.com\/avatar\/0b8d387b873c3962ae491deaf4b94a08a9b0dbc2778155c139691933252f8856?s=96&d=mm&r=g"},"magazineBlocksPostCommentsNumber":"0","magazineBlocksPostExcerpt":"Petrol Ofisi Maxima 2025 T\u00fcrkiye Ralli \u015eampiyonas\u0131 6. yar\u0131\u015f\u0131 olan&nbsp;Orhan Y\u00fcce 45.\u0130stanbul Rallisi nefesleri kesti. &nbsp;47 ekibin start al\u0131p, 28","magazineBlocksPostCategories":["Genel","Haberler","Ralli"],"magazine_blocks_featured_image_url":{"full":["https:\/\/torkspor.com\/wp-content\/uploads\/2025\/12\/TRM_5481-scaled.jpg",2560,1707,false],"medium":["https:\/\/torkspor.com\/wp-content\/uploads\/2025\/12\/TRM_5481-300x200.jpg",300,200,true],"thumbnail":["https:\/\/torkspor.com\/wp-content\/uploads\/2025\/12\/TRM_5481-150x150.jpg",150,150,true]},"magazine_blocks_author":{"display_name":"Okan \u00c7etiner","author_link":"https:\/\/torkspor.com\/?author=2"},"magazine_blocks_comment":1,"magazine_blocks_author_image":"https:\/\/secure.gravatar.com\/avatar\/0b8d387b873c3962ae491deaf4b94a08a9b0dbc2778155c139691933252f8856?s=96&d=mm&r=g","magazine_blocks_category":"<a href=\"https:\/\/torkspor.com\/?cat=1\" rel=\"category\">Genel<\/a> <a href=\"https:\/\/torkspor.com\/?cat=5\" rel=\"category\">Haberler<\/a> <a href=\"https:\/\/torkspor.com\/?cat=21\" rel=\"category\">Ralli<\/a>","_links":{"self":[{"href":"https:\/\/torkspor.com\/index.php?rest_route=\/wp\/v2\/posts\/3334","targetHints":{"allow":["GET"]}}],"collection":[{"href":"https:\/\/torkspor.com\/index.php?rest_route=\/wp\/v2\/posts"}],"about":[{"href":"https:\/\/torkspor.com\/index.php?rest_route=\/wp\/v2\/types\/post"}],"author":[{"embeddable":true,"href":"https:\/\/torkspor.com\/index.php?rest_route=\/wp\/v2\/users\/2"}],"replies":[{"embeddable":true,"href":"https:\/\/torkspor.com\/index.php?rest_route=%2Fwp%2Fv2%2Fcomments&post=3334"}],"version-history":[{"count":1,"href":"https:\/\/torkspor.com\/index.php?rest_route=\/wp\/v2\/posts\/3334\/revisions"}],"predecessor-version":[{"id":3340,"href":"https:\/\/torkspor.com\/index.php?rest_route=\/wp\/v2\/posts\/3334\/revisions\/3340"}],"wp:featuredmedia":[{"embeddable":true,"href":"https:\/\/torkspor.com\/index.php?rest_route=\/wp\/v2\/media\/3339"}],"wp:attachment":[{"href":"https:\/\/torkspor.com\/index.php?rest_route=%2Fwp%2Fv2%2Fmedia&parent=3334"}],"wp:term":[{"taxonomy":"category","embeddable":true,"href":"https:\/\/torkspor.com\/index.php?rest_route=%2Fwp%2Fv2%2Fcategories&post=3334"},{"taxonomy":"post_tag","embeddable":true,"href":"https:\/\/torkspor.com\/index.php?rest_route=%2Fwp%2Fv2%2Ftags&post=3334"}],"curies":[{"name":"wp","href":"https:\/\/api.w.org\/{rel}","templated":true}]}}