{"id":3380,"date":"2025-12-12T11:48:40","date_gmt":"2025-12-12T08:48:40","guid":{"rendered":"https:\/\/torkspor.com\/?p=3380"},"modified":"2025-12-12T11:48:43","modified_gmt":"2025-12-12T08:48:43","slug":"serkan-yazici-ucuncu-kez-fia-wmsc-yonetiminde","status":"publish","type":"post","link":"https:\/\/torkspor.com\/?p=3380","title":{"rendered":"Serkan Yaz\u0131c\u0131 \u00dc\u00e7\u00fcnc\u00fc Kez FIA WMSC Y\u00f6netiminde"},"content":{"rendered":"\n<p>Birle\u015fik Arap Emirlikleri\u2019nden Mohammed Ben Sulayem, 12 Aral\u0131k g\u00fcn\u00fc \u00d6zbekistan Ta\u015fkent\u2019te ger\u00e7ekle\u015ftirilen Uluslararas\u0131 Otomobil Federasyonu (FIA) Genel Kurulu\u2019nun ard\u0131ndan ikinci d\u00f6nemi i\u00e7in FIA Ba\u015fkanl\u0131\u011f\u0131na se\u00e7ildi. 2017\u2019den bu yana FIA\u2019n\u0131n sportif y\u00f6netim kurulu D\u00fcnya Motor Sporlar\u0131 Konseyi (WMSC)\u2019nde g\u00f6rev yapan TOSFED Onursal Ba\u015fkan\u0131 Serkan Yaz\u0131c\u0131, genel kurulda \u00fc\u00e7\u00fcnc\u00fc kez konsey \u00fcyeli\u011fine se\u00e7ilirken, TOSFED Ba\u015fkan\u0131 Eren \u00dc\u00e7lertopra\u011f\u0131 da vekil \u00fcye olarak konseyde yer alacak.<\/p>\n\n\n\n<figure class=\"wp-block-image size-large\"><img fetchpriority=\"high\" decoding=\"async\" width=\"1024\" height=\"682\" src=\"https:\/\/torkspor.com\/wp-content\/uploads\/2025\/12\/FIA-Yazici-Sulayem-1024x682.jpg\" alt=\"\" class=\"wp-image-3381\" srcset=\"https:\/\/torkspor.com\/wp-content\/uploads\/2025\/12\/FIA-Yazici-Sulayem-1024x682.jpg 1024w, https:\/\/torkspor.com\/wp-content\/uploads\/2025\/12\/FIA-Yazici-Sulayem-300x200.jpg 300w, https:\/\/torkspor.com\/wp-content\/uploads\/2025\/12\/FIA-Yazici-Sulayem-768x512.jpg 768w, https:\/\/torkspor.com\/wp-content\/uploads\/2025\/12\/FIA-Yazici-Sulayem-1536x1024.jpg 1536w, https:\/\/torkspor.com\/wp-content\/uploads\/2025\/12\/FIA-Yazici-Sulayem.jpg 2000w\" sizes=\"(max-width: 1024px) 100vw, 1024px\" \/><\/figure>\n\n\n\n<p>Yaz\u0131c\u0131, Genel Kurulun ard\u0131ndan \u201cFIA\u2019da son d\u00f6rt y\u0131lda \u00f6nemli bir d\u00f6n\u00fc\u015f\u00fcm ve ilerlemeye imza atan Ba\u015fkan Mohammed Ben Sulayem\u2019i tebrik ediyorum. Ba\u015far\u0131l\u0131 ge\u00e7en d\u00f6rt y\u0131ll\u0131k bir d\u00f6nemin ard\u0131ndan, FIA y\u00f6netimi i\u00e7in bir kez daha D\u00fcnya Motor Sporlar\u0131 Konseyi\u2019ne se\u00e7ildik. B\u00f6ylece T\u00fcrkiye ad\u0131na 2017\u2019den bu yana devam eden g\u00f6revimizi in\u015fallah 2029\u2019a kadar s\u00fcrd\u00fcrece\u011fiz. Bana ve \u00fclkemize oy vererek se\u00e7ilmemi sa\u011flayan herkese te\u015fekk\u00fcr ediyorum. FIA D\u00fcnya Motor Sporlar\u0131 Konseyi\u2019nde T\u00fcrkiye\u2019yi gururla temsil etmeye devam edece\u011fim.\u201d a\u00e7\u0131klamas\u0131n\u0131&nbsp;yapt\u0131.<\/p>\n\n\n\n<p><\/p>\n","protected":false},"excerpt":{"rendered":"<p>Birle\u015fik Arap Emirlikleri\u2019nden Mohammed Ben Sulayem, 12 Aral\u0131k g\u00fcn\u00fc \u00d6zbekistan Ta\u015fkent\u2019te ger\u00e7ekle\u015ftirilen Uluslararas\u0131 Otomobil Federasyonu (FIA) Genel Kurulu\u2019nun ard\u0131ndan ikinci<\/p>\n","protected":false},"author":2,"featured_media":3381,"comment_status":"open","ping_status":"open","sticky":false,"template":"","format":"standard","meta":{"footnotes":""},"categories":[14,1,5],"tags":[870,964,967,34,965,966],"class_list":["post-3380","post","type-post","status-publish","format-standard","has-post-thumbnail","hentry","category-dunya","category-genel","category-haberler","tag-fia","tag-mohammed-ben-sulayem","tag-serkan-yazici","tag-tosfed","tag-uluslararasi-otomobil-federasyonu","tag-wmsc"],"magazineBlocksPostFeaturedMedia":{"thumbnail":"https:\/\/torkspor.com\/wp-content\/uploads\/2025\/12\/FIA-Yazici-Sulayem-150x150.jpg","medium":"https:\/\/torkspor.com\/wp-content\/uploads\/2025\/12\/FIA-Yazici-Sulayem-300x200.jpg","medium_large":"https:\/\/torkspor.com\/wp-content\/uploads\/2025\/12\/FIA-Yazici-Sulayem-768x512.jpg","large":"https:\/\/torkspor.com\/wp-content\/uploads\/2025\/12\/FIA-Yazici-Sulayem-1024x682.jpg","1536x1536":"https:\/\/torkspor.com\/wp-content\/uploads\/2025\/12\/FIA-Yazici-Sulayem-1536x1024.jpg","2048x2048":"https:\/\/torkspor.com\/wp-content\/uploads\/2025\/12\/FIA-Yazici-Sulayem.jpg","colormag-highlighted-post":"https:\/\/torkspor.com\/wp-content\/uploads\/2025\/12\/FIA-Yazici-Sulayem-392x272.jpg","colormag-featured-post-medium":"https:\/\/torkspor.com\/wp-content\/uploads\/2025\/12\/FIA-Yazici-Sulayem-390x205.jpg","colormag-featured-post-small":"https:\/\/torkspor.com\/wp-content\/uploads\/2025\/12\/FIA-Yazici-Sulayem-130x90.jpg","colormag-featured-image":"https:\/\/torkspor.com\/wp-content\/uploads\/2025\/12\/FIA-Yazici-Sulayem-800x445.jpg","colormag-default-news":"https:\/\/torkspor.com\/wp-content\/uploads\/2025\/12\/FIA-Yazici-Sulayem-150x150.jpg","colormag-featured-image-large":"https:\/\/torkspor.com\/wp-content\/uploads\/2025\/12\/FIA-Yazici-Sulayem-1400x600.jpg","colormag-elementor-block-extra-large-thumbnail":"https:\/\/torkspor.com\/wp-content\/uploads\/2025\/12\/FIA-Yazici-Sulayem-1155x480.jpg","colormag-elementor-grid-large-thumbnail":"https:\/\/torkspor.com\/wp-content\/uploads\/2025\/12\/FIA-Yazici-Sulayem-600x417.jpg","colormag-elementor-grid-small-thumbnail":"https:\/\/torkspor.com\/wp-content\/uploads\/2025\/12\/FIA-Yazici-Sulayem-285x450.jpg","colormag-elementor-grid-medium-large-thumbnail":"https:\/\/torkspor.com\/wp-content\/uploads\/2025\/12\/FIA-Yazici-Sulayem-575x198.jpg"},"magazineBlocksPostAuthor":{"name":"Okan \u00c7etiner","avatar":"https:\/\/secure.gravatar.com\/avatar\/0b8d387b873c3962ae491deaf4b94a08a9b0dbc2778155c139691933252f8856?s=96&d=mm&r=g"},"magazineBlocksPostCommentsNumber":"0","magazineBlocksPostExcerpt":"Birle\u015fik Arap Emirlikleri\u2019nden Mohammed Ben Sulayem, 12 Aral\u0131k g\u00fcn\u00fc \u00d6zbekistan Ta\u015fkent\u2019te ger\u00e7ekle\u015ftirilen Uluslararas\u0131 Otomobil Federasyonu (FIA) Genel Kurulu\u2019nun ard\u0131ndan ikinci","magazineBlocksPostCategories":["D\u00fcnya","Genel","Haberler"],"magazine_blocks_featured_image_url":{"full":["https:\/\/torkspor.com\/wp-content\/uploads\/2025\/12\/FIA-Yazici-Sulayem.jpg",2000,1333,false],"medium":["https:\/\/torkspor.com\/wp-content\/uploads\/2025\/12\/FIA-Yazici-Sulayem-300x200.jpg",300,200,true],"thumbnail":["https:\/\/torkspor.com\/wp-content\/uploads\/2025\/12\/FIA-Yazici-Sulayem-150x150.jpg",150,150,true]},"magazine_blocks_author":{"display_name":"Okan \u00c7etiner","author_link":"https:\/\/torkspor.com\/?author=2"},"magazine_blocks_comment":2,"magazine_blocks_author_image":"https:\/\/secure.gravatar.com\/avatar\/0b8d387b873c3962ae491deaf4b94a08a9b0dbc2778155c139691933252f8856?s=96&d=mm&r=g","magazine_blocks_category":"<a href=\"https:\/\/torkspor.com\/?cat=14\" rel=\"category\">D\u00fcnya<\/a> <a href=\"https:\/\/torkspor.com\/?cat=1\" rel=\"category\">Genel<\/a> <a href=\"https:\/\/torkspor.com\/?cat=5\" rel=\"category\">Haberler<\/a>","_links":{"self":[{"href":"https:\/\/torkspor.com\/index.php?rest_route=\/wp\/v2\/posts\/3380","targetHints":{"allow":["GET"]}}],"collection":[{"href":"https:\/\/torkspor.com\/index.php?rest_route=\/wp\/v2\/posts"}],"about":[{"href":"https:\/\/torkspor.com\/index.php?rest_route=\/wp\/v2\/types\/post"}],"author":[{"embeddable":true,"href":"https:\/\/torkspor.com\/index.php?rest_route=\/wp\/v2\/users\/2"}],"replies":[{"embeddable":true,"href":"https:\/\/torkspor.com\/index.php?rest_route=%2Fwp%2Fv2%2Fcomments&post=3380"}],"version-history":[{"count":1,"href":"https:\/\/torkspor.com\/index.php?rest_route=\/wp\/v2\/posts\/3380\/revisions"}],"predecessor-version":[{"id":3382,"href":"https:\/\/torkspor.com\/index.php?rest_route=\/wp\/v2\/posts\/3380\/revisions\/3382"}],"wp:featuredmedia":[{"embeddable":true,"href":"https:\/\/torkspor.com\/index.php?rest_route=\/wp\/v2\/media\/3381"}],"wp:attachment":[{"href":"https:\/\/torkspor.com\/index.php?rest_route=%2Fwp%2Fv2%2Fmedia&parent=3380"}],"wp:term":[{"taxonomy":"category","embeddable":true,"href":"https:\/\/torkspor.com\/index.php?rest_route=%2Fwp%2Fv2%2Fcategories&post=3380"},{"taxonomy":"post_tag","embeddable":true,"href":"https:\/\/torkspor.com\/index.php?rest_route=%2Fwp%2Fv2%2Ftags&post=3380"}],"curies":[{"name":"wp","href":"https:\/\/api.w.org\/{rel}","templated":true}]}}