{"id":3383,"date":"2025-12-12T22:07:19","date_gmt":"2025-12-12T19:07:19","guid":{"rendered":"https:\/\/torkspor.com\/?p=3383"},"modified":"2025-12-12T22:07:53","modified_gmt":"2025-12-12T19:07:53","slug":"sena-savaser-astor-enerji-destegiyle-avrupa-formula-arenasina-aciliyor","status":"publish","type":"post","link":"https:\/\/torkspor.com\/?p=3383","title":{"rendered":"Sena Sava\u015fer, Astor Enerji Deste\u011fiyle Avrupa Formula Arenas\u0131na A\u00e7\u0131l\u0131yor"},"content":{"rendered":"\n<blockquote class=\"wp-block-quote is-layout-flow wp-block-quote-is-layout-flow\">\n<p>\u201cT\u00fcrk motorsporlar\u0131n\u0131n y\u00fckselen y\u0131ld\u0131z\u0131 Sena Sava\u015fer\u2026<br>Ve T\u00fcrkiye\u2019nin m\u00fchendislik devlerinden Astor Enerji\u2026<br>Bug\u00fcn burada imzalanan anla\u015fma, sadece bir sponsorluk de\u011fil; gen\u00e7 bir kad\u0131n\u0131n Avrupa Formula arenas\u0131na uzanan hayallerine a\u00e7\u0131lan yepyeni bir kap\u0131.\u201d<\/p>\n<\/blockquote>\n\n\n\n<figure class=\"wp-block-image size-large\"><img fetchpriority=\"high\" decoding=\"async\" width=\"1024\" height=\"683\" src=\"https:\/\/torkspor.com\/wp-content\/uploads\/2025\/12\/DSC08987-1024x683.jpg\" alt=\"\" class=\"wp-image-3384\" srcset=\"https:\/\/torkspor.com\/wp-content\/uploads\/2025\/12\/DSC08987-1024x683.jpg 1024w, https:\/\/torkspor.com\/wp-content\/uploads\/2025\/12\/DSC08987-300x200.jpg 300w, https:\/\/torkspor.com\/wp-content\/uploads\/2025\/12\/DSC08987-768x512.jpg 768w, https:\/\/torkspor.com\/wp-content\/uploads\/2025\/12\/DSC08987-1536x1024.jpg 1536w, https:\/\/torkspor.com\/wp-content\/uploads\/2025\/12\/DSC08987-2048x1365.jpg 2048w\" sizes=\"(max-width: 1024px) 100vw, 1024px\" \/><\/figure>\n\n\n\n<p>T\u00fcrk motorsporlar\u0131n\u0131n y\u00fckselen y\u0131ld\u0131z\u0131, T\u00fcrkiye\u2019nin ilk kad\u0131n Formula pilotu <strong>Sena Sava\u015fer<\/strong>, Astor Enerji ile imzalad\u0131\u011f\u0131 sponsorluk anla\u015fmas\u0131yla kariyerinde yeni ve iddial\u0131 bir d\u00f6neme ad\u0131m att\u0131. Bu i\u015f birli\u011fi, yaln\u0131zca bir sponsorluk anla\u015fmas\u0131 olman\u0131n \u00f6tesinde; gen\u00e7 bir sporcu hayali ile T\u00fcrkiye\u2019nin m\u00fchendislik g\u00fcc\u00fcn\u00fc bulu\u015fturan vizyoner bir ad\u0131m olarak dikkat \u00e7ekiyor.<\/p>\n\n\n\n<p>Antalya\u2019da amat\u00f6r bir go-kart pistinde ba\u015flayan Sena Sava\u015fer\u2019in motorsporlar\u0131 yolculu\u011fu, profesyonel karting kariyeriyle h\u0131zla y\u00fckseldi. 2023 T\u00fcrkiye Karting \u015eampiyonas\u0131\u2019nda Kad\u0131nlar Kategorisi \u015fampiyonlu\u011funu kazanan Sava\u015fer, ayn\u0131 sezon genel klasmanda da ikincili\u011fe uzanarak t\u00fcm sporcular aras\u0131nda ne kadar g\u00fc\u00e7l\u00fc bir pilot oldu\u011funu ortaya koydu.<\/p>\n\n\n\n<p>Uluslararas\u0131 arenada da \u00f6nemli ilklere imza atan Sena Sava\u015fer, Fransa\u2019daki efsanevi <strong>Le Mans pistinde<\/strong> d\u00fczenlenen uluslararas\u0131 karting yar\u0131\u015f\u0131nda start alan ilk T\u00fcrk kad\u0131n pilot oldu. Ard\u0131ndan <strong>F1 \u0130stanbul Park\u2019ta<\/strong>, sahibi oldu\u011fu Formula 3 arac\u0131yla piste \u00e7\u0131karak bir ba\u015fka tarihi ba\u015far\u0131ya imza att\u0131. \u0130talya ve \u0130spanya ba\u015fta olmak \u00fczere d\u00fcnyan\u0131n prestijli Formula 1 pistlerinde Formula 4 testlerine kat\u0131lan gen\u00e7 sporcu, bu s\u00fcre\u00e7le birlikte <strong>T\u00fcrkiye\u2019nin ilk kad\u0131n Formula 4 pilotu<\/strong> unvan\u0131n\u0131 kazand\u0131.<\/p>\n\n\n\n<p>Astor Enerji\u2019nin g\u00fc\u00e7l\u00fc deste\u011fiyle Avrupa hedeflerini netle\u015ftiren Sena Sava\u015fer, \u00f6n\u00fcm\u00fczdeki sezon Formula 4 \u015eampiyonas\u0131\u2019nda yar\u0131\u015fmay\u0131, ard\u0131ndan ise <strong>F1 Academy\u2019de T\u00fcrkiye\u2019yi temsil etmeyi<\/strong> ama\u00e7l\u0131yor. Pistlerdeki disiplinli yap\u0131s\u0131n\u0131 akademik hayat\u0131na da ta\u015f\u0131yan Sava\u015fer, Antalya Bilim \u00dcniversitesi End\u00fcstri M\u00fchendisli\u011fi B\u00f6l\u00fcm\u00fc\u2019ndeki e\u011fitimini ba\u015far\u0131yla s\u00fcrd\u00fcr\u00fcyor.<\/p>\n\n\n\n<p>Astor Enerji cephesi ise bu i\u015f birli\u011fini, gen\u00e7 yeteneklere yap\u0131lan stratejik bir yat\u0131r\u0131m olarak de\u011ferlendiriyor. \u015eirketin yenilik\u00e7i, cesur ve gelece\u011fe odaklanan vizyonunun, Sena Sava\u015fer\u2019in m\u00fccadeleci karakteri ve hedefleriyle birebir \u00f6rt\u00fc\u015ft\u00fc\u011f\u00fc vurgulan\u0131yor. Anla\u015fmayla birlikte ger\u00e7ekle\u015ftirilen reklam filmi \u00e7ekimlerinde Sena Sava\u015fer, Astor Enerji ve Astro\u015earj markalar\u0131n\u0131n yeni y\u00fcz\u00fc olarak da kamera kar\u015f\u0131s\u0131na ge\u00e7ti.<\/p>\n\n\n\n<p>Ailesinin tam deste\u011fiyle yoluna devam eden Sena Sava\u015fer\u2019in hik\u00e2yesi, yaln\u0131zca bir spor ba\u015far\u0131s\u0131 de\u011fil; azim, disiplin ve do\u011fru zamanda gelen g\u00fc\u00e7l\u00fc destekle nelerin m\u00fcmk\u00fcn olabilece\u011fini g\u00f6steren ilham verici bir ba\u015far\u0131 \u00f6yk\u00fcs\u00fc olarak \u00f6ne \u00e7\u0131k\u0131yor.<\/p>\n\n\n\n<figure class=\"wp-block-image size-large\"><img decoding=\"async\" width=\"1024\" height=\"576\" src=\"https:\/\/torkspor.com\/wp-content\/uploads\/2025\/12\/DSC06456-1024x576.png\" alt=\"\" class=\"wp-image-3387\" srcset=\"https:\/\/torkspor.com\/wp-content\/uploads\/2025\/12\/DSC06456-1024x576.png 1024w, https:\/\/torkspor.com\/wp-content\/uploads\/2025\/12\/DSC06456-300x169.png 300w, https:\/\/torkspor.com\/wp-content\/uploads\/2025\/12\/DSC06456-768x432.png 768w, https:\/\/torkspor.com\/wp-content\/uploads\/2025\/12\/DSC06456-1536x864.png 1536w, https:\/\/torkspor.com\/wp-content\/uploads\/2025\/12\/DSC06456-2048x1153.png 2048w\" sizes=\"(max-width: 1024px) 100vw, 1024px\" \/><\/figure>\n\n\n\n<h2 class=\"wp-block-heading\"><strong>\u201cH\u0131z ve Teknoloji Bulu\u015fuyor\u201d<\/strong><\/h2>\n\n\n\n<p>Astor Enerji CFO\u2019su Olcay Do\u011fan yapt\u0131\u011f\u0131 a\u00e7\u0131l\u0131\u015f konu\u015fmas\u0131nda,Astor \u015earj\u2019 \u0131n s\u00fcrd\u00fcr\u00fclebilir ula\u015f\u0131m vizyonunu ve T\u00fcrkiye\u2019nin ilk kad\u0131n F4 pilotu Sena Sava\u015fer ile hayata ge\u00e7irilen i\u015f birli\u011finin markan\u0131n d\u00f6n\u00fc\u015f\u00fcm yolculu\u011fundaki \u00f6nemini vurgulad\u0131. Do\u011fan, s\u00f6zlerini \u201cTecr\u00fcbe ve \u00fcretim g\u00fcc\u00fcm\u00fcz\u00fc, gelece\u011fin teknolojisi olan elektrikli ara\u00e7 \u015farj istasyonlar\u0131na da ta\u015f\u0131d\u0131k. Astor \u015earj markam\u0131zla, bug\u00fcn T\u00fcrkiye\u2019nin d\u00f6rt bir yan\u0131nda kurdu\u011fumuz geni\u015f a\u011f\u0131m\u0131z ve y\u00fcksek h\u0131zl\u0131 \u015farj \u00fcnitelerimiz ile sekt\u00f6r\u00fcn lider oyuncular\u0131ndan biri konumunday\u0131z<strong>. <\/strong>Astor \u015earj ile de enerjimizi yollara ve hayat\u0131n i\u00e7ine ta\u015f\u0131yoruz.Bug\u00fcn ise burada, h\u0131z\u0131n ve&nbsp; performans\u0131n s\u0131n\u0131rlar\u0131n\u0131 zorlayan bir isimle yollar\u0131m\u0131z\u0131 birle\u015ftirdik. T\u00fcrkiye\u2019nin ilk kad\u0131n Formula pilotu Sena Sava\u015fer ile ger\u00e7ekle\u015ftirdi\u011fimiz i\u015f birli\u011fini duyurman\u0131n mutlulu\u011funu ya\u015f\u0131yoruz\u201d&nbsp; dedi.<\/p>\n\n\n\n<h2 class=\"wp-block-heading\"><strong>Astor Enerji CFO\u2019su Olcay Do\u011fan, sponsorluk anla\u015fmas\u0131na ili\u015fkin \u015funlar\u0131 s\u00f6yledi:<\/strong><\/h2>\n\n\n\n<p>Astor Enerji CFO\u2019su Olcay Do\u011fan yapt\u0131\u011f\u0131 a\u00e7\u0131l\u0131\u015f konu\u015fmas\u0131nda,Astor \u015earj\u2019 \u0131n s\u00fcrd\u00fcr\u00fclebilir ula\u015f\u0131m vizyonunu ve T\u00fcrkiye\u2019nin ilk kad\u0131n F4 pilotu Sena Sava\u015fer ile hayata ge\u00e7irilen i\u015f birli\u011finin markan\u0131n d\u00f6n\u00fc\u015f\u00fcm yolculu\u011fundaki \u00f6nemini vurgulad\u0131. Do\u011fan, s\u00f6zlerini \u201cTecr\u00fcbe ve \u00fcretim g\u00fcc\u00fcm\u00fcz\u00fc, gelece\u011fin teknolojisi olan elektrikli ara\u00e7 \u015farj istasyonlar\u0131na da ta\u015f\u0131d\u0131k. Astor \u015earj markam\u0131zla, bug\u00fcn T\u00fcrkiye\u2019nin d\u00f6rt bir yan\u0131nda kurdu\u011fumuz geni\u015f a\u011f\u0131m\u0131z ve y\u00fcksek h\u0131zl\u0131 \u015farj \u00fcnitelerimiz ile sekt\u00f6r\u00fcn lider oyuncular\u0131ndan biri konumunday\u0131z<strong>. <\/strong>Astor \u015earj ile de enerjimizi yollara ve hayat\u0131n i\u00e7ine ta\u015f\u0131yoruz.Bug\u00fcn ise burada, h\u0131z\u0131n ve&nbsp; performans\u0131n s\u0131n\u0131rlar\u0131n\u0131 zorlayan bir isimle yollar\u0131m\u0131z\u0131 birle\u015ftirdik. T\u00fcrkiye\u2019nin ilk kad\u0131n Formula pilotu Sena Sava\u015fer ile ger\u00e7ekle\u015ftirdi\u011fimiz i\u015f birli\u011fini duyurman\u0131n mutlulu\u011funu ya\u015f\u0131yoruz\u201d&nbsp; dedi.<\/p>\n\n\n\n<p>\u201cGen\u00e7 yetenekleri ve sporu desteklemeyi, Astor Enerji olarak yaln\u0131zca bir sponsorluk faaliyeti de\u011fil, gelece\u011fe yap\u0131lan stratejik bir yat\u0131r\u0131m olarak g\u00f6r\u00fcyoruz. Sena Sava\u015fer\u2019in azmi, disiplinli \u00e7al\u0131\u015fma anlay\u0131\u015f\u0131 ve uluslararas\u0131 arenadaki potansiyeli, markam\u0131z\u0131n yenilik\u00e7i ve cesur vizyonuyla birebir \u00f6rt\u00fc\u015f\u00fcyor. Bu i\u015f birli\u011finin hem Sena\u2019n\u0131n kariyerinde hem de T\u00fcrk motorsporlar\u0131n\u0131n uluslararas\u0131 tan\u0131t\u0131m\u0131nda \u00f6nemli katk\u0131lar sa\u011flayaca\u011f\u0131na inan\u0131yoruz.\u201d<\/p>\n\n\n\n<p>Astor \u015earj Sat\u0131\u015f ve \u0130\u015f Geli\u015ftirme M\u00fcd\u00fcr\u00fc Volkan Turna, Astor \u015earj olarak 170 bini a\u015fk\u0131n kay\u0131tl\u0131 kullan\u0131c\u0131yla pazar\u0131n yar\u0131s\u0131ndan fazlas\u0131na ula\u015ft\u0131klar\u0131n\u0131 dile getirerek; \u201cSon bir y\u0131lda g\u00fcnl\u00fck \u015farj kapasitemizi y\u00fczde 380 art\u0131rarak 2.800\u2019\u00fcn \u00fczerine \u00e7\u0131kard\u0131k. Bu b\u00fcy\u00fcmenin temelinde, ana \u015firketimiz Astor Enerji\u2019nin orta ve y\u00fcksek gerilim alan\u0131ndaki g\u00fc\u00e7l\u00fc altyap\u0131s\u0131 ve 14 b\u00f6lgede tahsis etti\u011fimiz 48 MW\u2019l\u0131k \u015febeke g\u00fcc\u00fc yer al\u0131yor. M\u00fc\u015fteri deneyimini 7\/24 destek hatlar\u0131m\u0131zla g\u00fc\u00e7lendirirken, orta vadede 81 ilde y\u00fcksek h\u0131zl\u0131 \u015farj hedefimize ilerliyor, uzun vadede ise ticari ve a\u011f\u0131r ticari ara\u00e7lara \u00f6zel \u00e7\u00f6z\u00fcmler geli\u015ftirmeye haz\u0131rlan\u0131yoruz. Sena Sava\u015fer ile i\u015f birli\u011fimiz, bu g\u00fc\u00e7l\u00fc vizyonun ve yeni ileti\u015fim d\u00f6nemimizin en \u00f6nemli ad\u0131mlar\u0131ndan birini temsil ediyor\u201d dedi.<\/p>\n\n\n\n<figure class=\"wp-block-image size-large\"><img decoding=\"async\" width=\"1024\" height=\"576\" src=\"https:\/\/torkspor.com\/wp-content\/uploads\/2025\/12\/DSC06274-1024x576.jpg\" alt=\"\" class=\"wp-image-3385\" srcset=\"https:\/\/torkspor.com\/wp-content\/uploads\/2025\/12\/DSC06274-1024x576.jpg 1024w, https:\/\/torkspor.com\/wp-content\/uploads\/2025\/12\/DSC06274-300x169.jpg 300w, https:\/\/torkspor.com\/wp-content\/uploads\/2025\/12\/DSC06274-768x432.jpg 768w, https:\/\/torkspor.com\/wp-content\/uploads\/2025\/12\/DSC06274-1536x864.jpg 1536w, https:\/\/torkspor.com\/wp-content\/uploads\/2025\/12\/DSC06274-2048x1152.jpg 2048w\" sizes=\"(max-width: 1024px) 100vw, 1024px\" \/><\/figure>\n\n\n\n<h2 class=\"wp-block-heading\"><strong>Sena Sava\u015fer ise Astor Enerji i\u015f birli\u011fiyle ilgili \u015fu ifadeleri kulland\u0131:<\/strong><\/h2>\n\n\n\n<p>\u201cMotorsporlar\u0131nda, \u00f6zellikle Formula kategorisinde ilerleyebilmek i\u00e7in g\u00fc\u00e7l\u00fc bir sponsor deste\u011fi b\u00fcy\u00fck \u00f6nem ta\u015f\u0131yor. Astor Enerji ile yap\u0131lan bu anla\u015fma, benim i\u00e7in kariyerimde \u00e7ok kritik bir d\u00f6n\u00fcm noktas\u0131. Hem kendi ad\u0131ma hem de T\u00fcrkiye\u2019yi Avrupa pistlerinde temsil edecek bir sporcu olarak, yerli ve g\u00fc\u00e7l\u00fc bir markan\u0131n deste\u011fini arkamda hissetmek b\u00fcy\u00fck bir motivasyon kayna\u011f\u0131.\u201d<\/p>\n\n\n\n<p><strong>\u201cPistlerdeki Tutkum, Astor \u015earj ile Yollara Ta\u015f\u0131n\u0131yor\u201d<\/strong><\/p>\n\n\n\n<p>T\u00fcrkiye\u2019nin ilk kad\u0131n Formula pilotu ve motor sporlar\u0131nda \u00f6nc\u00fc bir isim olan Sena Sava\u015fer, pistlerdeki ba\u015far\u0131lar\u0131 ve s\u0131n\u0131rlar\u0131 zorlayan performans\u0131yla tan\u0131n\u0131yor. Kariyeri boyunca y\u00fcksek G kuvveti alt\u0131nda hem fiziksel hem de mental dayan\u0131kl\u0131l\u0131k gerektiren yar\u0131\u015flarda elde etti\u011fi deneyim, onu h\u0131z ve teknoloji odakl\u0131 projelere do\u011fal bir partner haline getiriyor. Sava\u015fer, lansmanda yapt\u0131\u011f\u0131 konu\u015fmada, \u201cBir yar\u0131\u015f pilotu olarak hayat\u0131m limitleri zorlamakla ge\u00e7iyor. Astor \u015earj ile yollar\u0131m\u0131z kesi\u015fti\u011finde beni en \u00e7ok etkileyen \u015fey, onlar\u0131n da t\u0131pk\u0131 pistteki gibi performans ve h\u0131z odakl\u0131 olmalar\u0131yd\u0131. Elektrikli ara\u00e7 kullan\u0131c\u0131lar\u0131n\u0131n yolda bekledi\u011fi g\u00fcven ve h\u0131z\u0131, biz pistte her yar\u0131\u015fta ar\u0131yorum. Astor ailesinin pistlerdeki hayallerime ortak olmas\u0131, bana bu yolculukta \u2018biz senin yan\u0131nday\u0131z\u2019 demeleri ger\u00e7ekten paha bi\u00e7ilemez. Astor \u015earj\u2019\u0131n hayat\u0131mda b\u00f6yle \u00f6nemli bir yere sahip olmas\u0131, hayallerime devam etmemi sa\u011fl\u0131yor\u201d dedi.<\/p>\n\n\n\n<figure class=\"wp-block-image size-full\"><img loading=\"lazy\" decoding=\"async\" width=\"864\" height=\"486\" src=\"https:\/\/torkspor.com\/wp-content\/uploads\/2025\/12\/thumbs_b_c_f66d8c47354e9c5553c7d7cc63088200.jpg\" alt=\"\" class=\"wp-image-3386\" srcset=\"https:\/\/torkspor.com\/wp-content\/uploads\/2025\/12\/thumbs_b_c_f66d8c47354e9c5553c7d7cc63088200.jpg 864w, https:\/\/torkspor.com\/wp-content\/uploads\/2025\/12\/thumbs_b_c_f66d8c47354e9c5553c7d7cc63088200-300x169.jpg 300w, https:\/\/torkspor.com\/wp-content\/uploads\/2025\/12\/thumbs_b_c_f66d8c47354e9c5553c7d7cc63088200-768x432.jpg 768w\" sizes=\"(max-width: 864px) 100vw, 864px\" \/><\/figure>\n\n\n\n<p>A\u00e7\u0131l\u0131\u015f konu\u015fmas\u0131n\u0131n hemen ard\u0131ndan T\u00fcrkiye\u2019nin ilk kad\u0131n Formula pilotu Sena Sava\u015fer, lansmana \u00f6zel olarak tasarlanan F4 yar\u0131\u015f kask\u0131n\u0131 imzalayarak Astor Enerji CFO\u2019su Olcay Do\u011fan\u2019a takdim etti. Etkinlik kapsam\u0131nda ayr\u0131ca misafirler i\u00e7in \u00f6zel bir pit stop deneyimi kurguland\u0131. Yar\u0131\u015f atmosferini canl\u0131 bir \u015fekilde hissettiren bu deneyim, ziyaret\u00e7ilere Astor \u015earj\u2019 \u0131n yeni d\u00f6nem vizyonunu <strong>\u201c<\/strong>h\u0131z, teknoloji ve kullan\u0131c\u0131 odakl\u0131l\u0131k\u201d ekseninde ya\u015fatma f\u0131rsat\u0131 sundu.<\/p>\n\n\n\n<p>Astor \u015earj, elektrikli ara\u00e7 \u015farj ekosistemindeki yat\u0131r\u0131mlar\u0131n\u0131 b\u00fcy\u00fctmeye devam ederken, kullan\u0131c\u0131lar\u0131n hayat\u0131n\u0131 kolayla\u015ft\u0131ran teknolojik \u00e7\u00f6z\u00fcmler sunmay\u0131 s\u00fcrd\u00fcrece\u011fini belirtti.<\/p>\n\n\n\n<figure class=\"wp-block-embed is-type-video is-provider-youtube wp-block-embed-youtube wp-embed-aspect-16-9 wp-has-aspect-ratio\"><div class=\"wp-block-embed__wrapper\">\n<iframe title=\"T\u00fcrkiye\u2019nin \u0130lk Kad\u0131n Formula Pilotu Sena Sava\u015fer ile Astor \u015earj\u2019\u0131n Yeni D\u00f6nemi\" width=\"800\" height=\"450\" src=\"https:\/\/www.youtube.com\/embed\/fYeiilOKiew?feature=oembed\" frameborder=\"0\" allow=\"accelerometer; autoplay; clipboard-write; encrypted-media; gyroscope; picture-in-picture; web-share\" referrerpolicy=\"strict-origin-when-cross-origin\" allowfullscreen><\/iframe>\n<\/div><\/figure>\n\n\n\n<p><a href=\"https:\/\/astoras.com.tr\/\">https:\/\/astoras.com.tr\/<\/a><\/p>\n\n\n\n<p><\/p>\n","protected":false},"excerpt":{"rendered":"<p>\u201cT\u00fcrk motorsporlar\u0131n\u0131n y\u00fckselen y\u0131ld\u0131z\u0131 Sena Sava\u015fer\u2026Ve T\u00fcrkiye\u2019nin m\u00fchendislik devlerinden Astor Enerji\u2026Bug\u00fcn burada imzalanan anla\u015fma, sadece bir sponsorluk de\u011fil; gen\u00e7 bir<\/p>\n","protected":false},"author":2,"featured_media":3387,"comment_status":"open","ping_status":"open","sticky":false,"template":"","format":"standard","meta":{"footnotes":""},"categories":[1],"tags":[],"class_list":["post-3383","post","type-post","status-publish","format-standard","has-post-thumbnail","hentry","category-genel"],"magazineBlocksPostFeaturedMedia":{"thumbnail":"https:\/\/torkspor.com\/wp-content\/uploads\/2025\/12\/DSC06456-150x150.png","medium":"https:\/\/torkspor.com\/wp-content\/uploads\/2025\/12\/DSC06456-300x169.png","medium_large":"https:\/\/torkspor.com\/wp-content\/uploads\/2025\/12\/DSC06456-768x432.png","large":"https:\/\/torkspor.com\/wp-content\/uploads\/2025\/12\/DSC06456-1024x576.png","1536x1536":"https:\/\/torkspor.com\/wp-content\/uploads\/2025\/12\/DSC06456-1536x864.png","2048x2048":"https:\/\/torkspor.com\/wp-content\/uploads\/2025\/12\/DSC06456-2048x1153.png","colormag-highlighted-post":"https:\/\/torkspor.com\/wp-content\/uploads\/2025\/12\/DSC06456-392x272.png","colormag-featured-post-medium":"https:\/\/torkspor.com\/wp-content\/uploads\/2025\/12\/DSC06456-390x205.png","colormag-featured-post-small":"https:\/\/torkspor.com\/wp-content\/uploads\/2025\/12\/DSC06456-130x90.png","colormag-featured-image":"https:\/\/torkspor.com\/wp-content\/uploads\/2025\/12\/DSC06456-800x445.png","colormag-default-news":"https:\/\/torkspor.com\/wp-content\/uploads\/2025\/12\/DSC06456-150x150.png","colormag-featured-image-large":"https:\/\/torkspor.com\/wp-content\/uploads\/2025\/12\/DSC06456-1400x600.png","colormag-elementor-block-extra-large-thumbnail":"https:\/\/torkspor.com\/wp-content\/uploads\/2025\/12\/DSC06456-1155x480.png","colormag-elementor-grid-large-thumbnail":"https:\/\/torkspor.com\/wp-content\/uploads\/2025\/12\/DSC06456-600x417.png","colormag-elementor-grid-small-thumbnail":"https:\/\/torkspor.com\/wp-content\/uploads\/2025\/12\/DSC06456-285x450.png","colormag-elementor-grid-medium-large-thumbnail":"https:\/\/torkspor.com\/wp-content\/uploads\/2025\/12\/DSC06456-575x198.png"},"magazineBlocksPostAuthor":{"name":"Okan \u00c7etiner","avatar":"https:\/\/secure.gravatar.com\/avatar\/0b8d387b873c3962ae491deaf4b94a08a9b0dbc2778155c139691933252f8856?s=96&d=mm&r=g"},"magazineBlocksPostCommentsNumber":"0","magazineBlocksPostExcerpt":"\u201cT\u00fcrk motorsporlar\u0131n\u0131n y\u00fckselen y\u0131ld\u0131z\u0131 Sena Sava\u015fer\u2026Ve T\u00fcrkiye\u2019nin m\u00fchendislik devlerinden Astor Enerji\u2026Bug\u00fcn burada imzalanan anla\u015fma, sadece bir sponsorluk de\u011fil; gen\u00e7 bir","magazineBlocksPostCategories":["Genel"],"magazine_blocks_featured_image_url":{"full":["https:\/\/torkspor.com\/wp-content\/uploads\/2025\/12\/DSC06456-scaled.png",2560,1441,false],"medium":["https:\/\/torkspor.com\/wp-content\/uploads\/2025\/12\/DSC06456-300x169.png",300,169,true],"thumbnail":["https:\/\/torkspor.com\/wp-content\/uploads\/2025\/12\/DSC06456-150x150.png",150,150,true]},"magazine_blocks_author":{"display_name":"Okan \u00c7etiner","author_link":"https:\/\/torkspor.com\/?author=2"},"magazine_blocks_comment":1,"magazine_blocks_author_image":"https:\/\/secure.gravatar.com\/avatar\/0b8d387b873c3962ae491deaf4b94a08a9b0dbc2778155c139691933252f8856?s=96&d=mm&r=g","magazine_blocks_category":"<a href=\"https:\/\/torkspor.com\/?cat=1\" rel=\"category\">Genel<\/a>","_links":{"self":[{"href":"https:\/\/torkspor.com\/index.php?rest_route=\/wp\/v2\/posts\/3383","targetHints":{"allow":["GET"]}}],"collection":[{"href":"https:\/\/torkspor.com\/index.php?rest_route=\/wp\/v2\/posts"}],"about":[{"href":"https:\/\/torkspor.com\/index.php?rest_route=\/wp\/v2\/types\/post"}],"author":[{"embeddable":true,"href":"https:\/\/torkspor.com\/index.php?rest_route=\/wp\/v2\/users\/2"}],"replies":[{"embeddable":true,"href":"https:\/\/torkspor.com\/index.php?rest_route=%2Fwp%2Fv2%2Fcomments&post=3383"}],"version-history":[{"count":1,"href":"https:\/\/torkspor.com\/index.php?rest_route=\/wp\/v2\/posts\/3383\/revisions"}],"predecessor-version":[{"id":3388,"href":"https:\/\/torkspor.com\/index.php?rest_route=\/wp\/v2\/posts\/3383\/revisions\/3388"}],"wp:featuredmedia":[{"embeddable":true,"href":"https:\/\/torkspor.com\/index.php?rest_route=\/wp\/v2\/media\/3387"}],"wp:attachment":[{"href":"https:\/\/torkspor.com\/index.php?rest_route=%2Fwp%2Fv2%2Fmedia&parent=3383"}],"wp:term":[{"taxonomy":"category","embeddable":true,"href":"https:\/\/torkspor.com\/index.php?rest_route=%2Fwp%2Fv2%2Fcategories&post=3383"},{"taxonomy":"post_tag","embeddable":true,"href":"https:\/\/torkspor.com\/index.php?rest_route=%2Fwp%2Fv2%2Ftags&post=3383"}],"curies":[{"name":"wp","href":"https:\/\/api.w.org\/{rel}","templated":true}]}}